{"id":39126,"date":"2024-04-07T11:10:15","date_gmt":"2024-04-07T14:10:15","guid":{"rendered":"http:\/\/jornaldeitaipava.com.br\/?p=39126"},"modified":"2024-04-07T11:10:20","modified_gmt":"2024-04-07T14:10:20","slug":"centro-de-triagem-da-coleta-seletiva-e-reinaugurado","status":"publish","type":"post","link":"https:\/\/jornaldeitaipava.com.br\/index.php\/2024\/04\/07\/centro-de-triagem-da-coleta-seletiva-e-reinaugurado\/","title":{"rendered":"Centro de Triagem da Coleta Seletiva \u00e9 reinaugurado"},"content":{"rendered":"\n<pre class=\"wp-block-code\"><code>A Prefeitura, por meio da Companhia Municipal de Desenvolvimento de Petr\u00f3polis (Comdep), reinaugurou na manh\u00e3 desta sexta-feira (05\/04) o Centro de Triagem da Coleta Seletiva Anderson Manoel Palma, no Sim\u00e9ria. O espa\u00e7o recebe todos os meses cerca de 50 toneladas de materiais recicl\u00e1veis, como garrafas PET, latinhas de alum\u00ednio, papel\u00e3o, vidros, entre outros itens.\n\u201cEste Centro de Triagem \u00e9 mais um importante equipamento para fortalecermos o programa Coleta Seletiva, criado na minha gest\u00e3o em 2005. Os funcion\u00e1rios da Comdep est\u00e3o de parab\u00e9ns pelo excelente trabalho que tem sido realizado neste espa\u00e7o. Os n\u00fameros da nossa coleta s\u00e3o fant\u00e1sticos\u201d, disse o prefeito Rubens Bomtempo.\nTodo o material recicl\u00e1vel recolhido de porta em porta e tamb\u00e9m em cooperativas conveniadas s\u00e3o levados ao Centro de Triagem. L\u00e1, os itens s\u00e3o separados e transformados em mat\u00e9ria prima, inclusive, em vassouras PET utilizadas pelas equipes de varri\u00e7\u00e3o da Comdep.\nO presidente da Comdep falou sobre a amplia\u00e7\u00e3o da Coleta Seletiva em Petr\u00f3polis. \u201cQuando n\u00f3s assumimos o governo em 2021, este servi\u00e7o praticamente n\u00e3o existia. Desde ent\u00e3o, trabalhamos para ampliar o programa e entregar este amplo espa\u00e7o, para que os servidores possam desempenhar suas fun\u00e7\u00f5es com dignidade\u201d, disse.\nO Centro de Triagem recebeu o nome do ex-diretor financeiro da Comdep, Anderson Manoel Palma, que faleceu em julho do ano passado. A m\u00e3e de Anderson, Luzia Maria Palma, foi homenageada pelo prefeito e pelo presidente da Comdep durante a solenidade de inaugura\u00e7\u00e3o.\nA secret\u00e1ria de Obras, Vyrna Jacomo, e diretores e gerentes dos mais diversos setores da Comdep tamb\u00e9m participaram da inaugura\u00e7\u00e3o.<\/code><\/pre>\n","protected":false},"excerpt":{"rendered":"","protected":false},"author":1,"featured_media":39127,"comment_status":"closed","ping_status":"open","sticky":false,"template":"","format":"standard","meta":{"spay_email":"","footnotes":"","jetpack_publicize_message":""},"categories":[2],"tags":[],"jetpack_featured_media_url":"https:\/\/i0.wp.com\/jornaldeitaipava.com.br\/wp-content\/uploads\/2024\/04\/WhatsApp-Image-2024-04-05-at-19.44.56.jpeg?fit=1599%2C1066&ssl=1","jetpack_publicize_connections":[],"jetpack_sharing_enabled":true,"jetpack_likes_enabled":true,"jetpack-related-posts":[],"_links":{"self":[{"href":"https:\/\/jornaldeitaipava.com.br\/index.php\/wp-json\/wp\/v2\/posts\/39126"}],"collection":[{"href":"https:\/\/jornaldeitaipava.com.br\/index.php\/wp-json\/wp\/v2\/posts"}],"about":[{"href":"https:\/\/jornaldeitaipava.com.br\/index.php\/wp-json\/wp\/v2\/types\/post"}],"author":[{"embeddable":true,"href":"https:\/\/jornaldeitaipava.com.br\/index.php\/wp-json\/wp\/v2\/users\/1"}],"replies":[{"embeddable":true,"href":"https:\/\/jornaldeitaipava.com.br\/index.php\/wp-json\/wp\/v2\/comments?post=39126"}],"version-history":[{"count":1,"href":"https:\/\/jornaldeitaipava.com.br\/index.php\/wp-json\/wp\/v2\/posts\/39126\/revisions"}],"predecessor-version":[{"id":39128,"href":"https:\/\/jornaldeitaipava.com.br\/index.php\/wp-json\/wp\/v2\/posts\/39126\/revisions\/39128"}],"wp:featuredmedia":[{"embeddable":true,"href":"https:\/\/jornaldeitaipava.com.br\/index.php\/wp-json\/wp\/v2\/media\/39127"}],"wp:attachment":[{"href":"https:\/\/jornaldeitaipava.com.br\/index.php\/wp-json\/wp\/v2\/media?parent=39126"}],"wp:term":[{"taxonomy":"category","embeddable":true,"href":"https:\/\/jornaldeitaipava.com.br\/index.php\/wp-json\/wp\/v2\/categories?post=39126"},{"taxonomy":"post_tag","embeddable":true,"href":"https:\/\/jornaldeitaipava.com.br\/index.php\/wp-json\/wp\/v2\/tags?post=39126"}],"curies":[{"name":"wp","href":"https:\/\/api.w.org\/{rel}","templated":true}]}}