{"id":39129,"date":"2024-04-07T11:11:23","date_gmt":"2024-04-07T14:11:23","guid":{"rendered":"http:\/\/jornaldeitaipava.com.br\/?p=39129"},"modified":"2024-04-07T11:11:32","modified_gmt":"2024-04-07T14:11:32","slug":"corrida-do-trabalhador-acontece-no-dia-1o-de-maio","status":"publish","type":"post","link":"https:\/\/jornaldeitaipava.com.br\/index.php\/2024\/04\/07\/corrida-do-trabalhador-acontece-no-dia-1o-de-maio\/","title":{"rendered":"Corrida do Trabalhador acontece no dia 1\u00ba de maio"},"content":{"rendered":"\n<p>A Prefeitura, por meio da Secretaria de Esportes, vai promover mais uma edi\u00e7\u00e3o da Corrida do Trabalhador. O evento ser\u00e1 realizado no feriado do Dia do Trabalho, e ter\u00e1 o percurso nas ruas do Centro Hist\u00f3rico. As inscri\u00e7\u00f5es estar\u00e3o dispon\u00edveis no site da Prefeitura no dia 25 de abril.<\/p>\n\n\n\n<p>Haver\u00e1 a entrega de medalhas e trof\u00e9us para os participantes, de acordo com as faixas et\u00e1rias. \u201cCriamos a corrida em 2013 e desde ent\u00e3o \u00e9 uma tradi\u00e7\u00e3o na cidade, al\u00e9m de tamb\u00e9m marcar a celebra\u00e7\u00e3o deste dia t\u00e3o representativo para o trabalhador brasileiro. Ser\u00e1 um evento onde continuaremos a promover sa\u00fade, esporte e lazer\u201d, destacou o prefeito Rubens Bomtempo.<\/p>\n\n\n\n<p>No dia da corrida, os atletas dever\u00e3o contribuir para campanha solid\u00e1ria de arrecada\u00e7\u00e3o de latas de leite (ou sach\u00ea 400 mg). \u201cA corrida \u00e9 um esporte muito praticado em nossa cidade, e sabemos que esse \u00e9 um evento aguardado pelos atletas petropolitanos. Temos certeza que a competi\u00e7\u00e3o ser\u00e1 um sucesso!\u201d, comentou o secret\u00e1rio de Esportes, Thiago Fran\u00e7a.<\/p>\n","protected":false},"excerpt":{"rendered":"<p>A Prefeitura, por meio da Secretaria de Esportes, vai promover mais uma edi\u00e7\u00e3o da Corrida<\/p>\n","protected":false},"author":1,"featured_media":33752,"comment_status":"closed","ping_status":"open","sticky":false,"template":"","format":"standard","meta":{"spay_email":"","footnotes":"","jetpack_publicize_message":""},"categories":[9],"tags":[],"jetpack_featured_media_url":"https:\/\/i2.wp.com\/jornaldeitaipava.com.br\/wp-content\/uploads\/2023\/03\/mulher-corrida.jpg?fit=256%2C151&ssl=1","jetpack_publicize_connections":[],"jetpack_sharing_enabled":true,"jetpack_likes_enabled":true,"jetpack-related-posts":[],"_links":{"self":[{"href":"https:\/\/jornaldeitaipava.com.br\/index.php\/wp-json\/wp\/v2\/posts\/39129"}],"collection":[{"href":"https:\/\/jornaldeitaipava.com.br\/index.php\/wp-json\/wp\/v2\/posts"}],"about":[{"href":"https:\/\/jornaldeitaipava.com.br\/index.php\/wp-json\/wp\/v2\/types\/post"}],"author":[{"embeddable":true,"href":"https:\/\/jornaldeitaipava.com.br\/index.php\/wp-json\/wp\/v2\/users\/1"}],"replies":[{"embeddable":true,"href":"https:\/\/jornaldeitaipava.com.br\/index.php\/wp-json\/wp\/v2\/comments?post=39129"}],"version-history":[{"count":1,"href":"https:\/\/jornaldeitaipava.com.br\/index.php\/wp-json\/wp\/v2\/posts\/39129\/revisions"}],"predecessor-version":[{"id":39130,"href":"https:\/\/jornaldeitaipava.com.br\/index.php\/wp-json\/wp\/v2\/posts\/39129\/revisions\/39130"}],"wp:featuredmedia":[{"embeddable":true,"href":"https:\/\/jornaldeitaipava.com.br\/index.php\/wp-json\/wp\/v2\/media\/33752"}],"wp:attachment":[{"href":"https:\/\/jornaldeitaipava.com.br\/index.php\/wp-json\/wp\/v2\/media?parent=39129"}],"wp:term":[{"taxonomy":"category","embeddable":true,"href":"https:\/\/jornaldeitaipava.com.br\/index.php\/wp-json\/wp\/v2\/categories?post=39129"},{"taxonomy":"post_tag","embeddable":true,"href":"https:\/\/jornaldeitaipava.com.br\/index.php\/wp-json\/wp\/v2\/tags?post=39129"}],"curies":[{"name":"wp","href":"https:\/\/api.w.org\/{rel}","templated":true}]}}