{"id":39131,"date":"2024-04-07T11:15:28","date_gmt":"2024-04-07T14:15:28","guid":{"rendered":"http:\/\/jornaldeitaipava.com.br\/?p=39131"},"modified":"2024-04-07T11:15:35","modified_gmt":"2024-04-07T14:15:35","slug":"prefeitura-amplia-vacinacao-contra-hpv-para-meninos-e-meninas-de-09-a-19-anos","status":"publish","type":"post","link":"https:\/\/jornaldeitaipava.com.br\/index.php\/2024\/04\/07\/prefeitura-amplia-vacinacao-contra-hpv-para-meninos-e-meninas-de-09-a-19-anos\/","title":{"rendered":"Prefeitura amplia vacina\u00e7\u00e3o contra HPV para meninos e meninas de 09 a 19 anos"},"content":{"rendered":"\n<p>A Prefeitura, por meio da Divis\u00e3o de Imuniza\u00e7\u00e3o da Secretaria de Sa\u00fade, est\u00e1 promovendo uma importante amplia\u00e7\u00e3o na campanha de vacina\u00e7\u00e3o contra o HPV (papilomav\u00edrus humano). Agora, meninos e meninas com idades entre 09 e 19 anos ser\u00e3o contemplados com a imuniza\u00e7\u00e3o em esquema de dose \u00fanica. Anteriormente, a faixa et\u00e1ria para meninos e meninas era de 09 a 14 anos, em esquema de duas doses. A amplia\u00e7\u00e3o acontece a partir desta sexta-feira (05) e a vacina estar\u00e1 dispon\u00edvel nas 15 salas de imuniza\u00e7\u00e3o do munic\u00edpio.<br>A decis\u00e3o de ampliar a faixa et\u00e1ria foi embasada pela nova nota t\u00e9cnica divulgada pelo Minist\u00e9rio da Sa\u00fade, que ressalta a necessidade do &#8220;resgate de adolescentes at\u00e9 19 anos n\u00e3o vacinados e inclus\u00e3o das pessoas portadoras de papilomatose respirat\u00f3ria recorrente (PRR), como grupo priorit\u00e1rio da vacina HPV&#8221;.<br>O prefeito Rubens Bomtempo destaca a import\u00e2ncia dessa amplia\u00e7\u00e3o. &#8220;Receber a vacina contra o HPV na idade correta \u00e9 essencial, uma vez que a produ\u00e7\u00e3o de anticorpos \u00e9 mais eficaz nesses anos de adolesc\u00eancia. Estamos empenhados em alcan\u00e7ar o m\u00e1ximo de jovens poss\u00edvel para garantir sua prote\u00e7\u00e3o&#8221;.Estamos comprometidos em promover a sa\u00fade da popula\u00e7\u00e3o, e a amplia\u00e7\u00e3o da vacina\u00e7\u00e3o contra o HPV \u00e9 uma medida fundamental para a preven\u00e7\u00e3o de doen\u00e7as graves. \u00c9 um passo significativo na prote\u00e7\u00e3o da sa\u00fade dos nossos jovens&#8221;.<br>O secret\u00e1rio de Sa\u00fade, Marcus Curvelo, ressalta que a vacina\u00e7\u00e3o contra o HPV \u00e9 uma estrat\u00e9gia importante adotada por mais de 100 pa\u00edses em seus programas nacionais de vacina\u00e7\u00e3o, com resultados positivos na preven\u00e7\u00e3o e redu\u00e7\u00e3o das doen\u00e7as ocasionadas pelo v\u00edrus. &#8220;Estamos alinhados com as diretrizes internacionais e comprometidos em oferecer o melhor cuidado poss\u00edvel para a nossa popula\u00e7\u00e3o&#8221;, afirma Curvelo.<br>\u201cO HPV \u00e9 um v\u00edrus transmitido pelo contato direto com pele ou mucosas infectadas, principalmente por meio de rela\u00e7\u00e3o sexual. Estima-se que no Brasil haja de 9 a 10 milh\u00f5es de infectados, com 700 mil casos novos da infec\u00e7\u00e3o surgindo a cada ano. Por\u00e9m, \u00e9 importante destacar que a vacina\u00e7\u00e3o contra o HPV n\u00e3o substitui a realiza\u00e7\u00e3o do exame preventivo (papanicolau) para mulheres, nem o uso de preservativo nas rela\u00e7\u00f5es sexuais\u201d, destaca Thayene Varella, chefe da Divis\u00e3o de Imuniza\u00e7\u00e3o.<\/p>\n\n\n\n<p><strong>Postos de Vacina\u00e7\u00e3o<\/strong><\/p>\n\n\n\n<p>Centro De Sa\u00fade Coletiva<br>8h \u00e0s 16h30 &#8211; ter\u00e7a, quinta e sexta;<br>8h \u00e0s 19h30 &#8211; segunda e quarta;<\/p>\n\n\n\n<p>UBS Alto Independ\u00eancia<br>8h30 \u00e0s 16h30 &#8211; segunda a sexta;<\/p>\n\n\n\n<p>UBS Morin<br>8h30 \u00e0s 16h30 &#8211; segunda, quarta e sexta;<br>8h30 \u00e0s 19:30 &#8211; ter\u00e7a e quinta;<\/p>\n\n\n\n<p>UBS Quitandinha<br>8h30 \u00e0s 19h &#8211; segunda a sexta;<\/p>\n\n\n\n<p>Ambulat\u00f3rio Escola FMP\/FASE<br>8h \u00e0s 16h &#8211; segunda a sexta;<\/p>\n\n\n\n<p>Centro de Sa\u00fade Itamarati<br>8h30 \u00e0s 19h30 &#8211; segunda a sexta;<\/p>\n\n\n\n<p>Ambulat\u00f3rio do Hospital Alcides Carneiro<br>8h30 \u00e0s 16h30 segunda a sexta;<\/p>\n\n\n\n<p>PSF Posse<br>8h \u00e0s 16h &#8211; segunda a sexta;<\/p>\n\n\n\n<p>UBS Mosela<br>8h30 \u00e0s 19h &#8211; segunda, quarta e sexta<br>8h30 \u00e0s 16h30 &#8211; ter\u00e7a e quinta<\/p>\n\n\n\n<p>UBS Araras<br>7h30 \u00e0s 15h30 &#8211; segunda a sexta;<\/p>\n\n\n\n<p>UBS Itaipava<br>8h30 \u00e0s 16h30 &#8211; segunda, quarta e sexta;<br>8h30 \u00e0s 19h ter\u00e7a e quinta;<\/p>\n\n\n\n<p>UBS Pedro do Rio<br>8h \u00e0s 16h &#8211; segunda a sexta;<\/p>\n\n\n\n<p>UBS Retiro<br>8h30 \u00e0s 19h30 &#8211; segunda a sexta;<\/p>\n\n\n\n<p>UBS Bairro da Gl\u00f3ria<br>8h30 \u00e0s 16h30 &#8211; segunda a sexta<\/p>\n\n\n\n<p>UBS Vicenzo Rivetti<br>8h30 \u00e0s 16h30 &#8211; segunda a sexta<\/p>\n","protected":false},"excerpt":{"rendered":"<p>A Prefeitura, por meio da Divis\u00e3o de Imuniza\u00e7\u00e3o da Secretaria de Sa\u00fade, est\u00e1 promovendo uma<\/p>\n","protected":false},"author":1,"featured_media":39132,"comment_status":"closed","ping_status":"open","sticky":false,"template":"","format":"standard","meta":{"spay_email":"","footnotes":"","jetpack_publicize_message":""},"categories":[24],"tags":[],"jetpack_featured_media_url":"https:\/\/i1.wp.com\/jornaldeitaipava.com.br\/wp-content\/uploads\/2024\/04\/HPV.png?fit=768%2C354&ssl=1","jetpack_publicize_connections":[],"jetpack_sharing_enabled":true,"jetpack_likes_enabled":true,"jetpack-related-posts":[],"_links":{"self":[{"href":"https:\/\/jornaldeitaipava.com.br\/index.php\/wp-json\/wp\/v2\/posts\/39131"}],"collection":[{"href":"https:\/\/jornaldeitaipava.com.br\/index.php\/wp-json\/wp\/v2\/posts"}],"about":[{"href":"https:\/\/jornaldeitaipava.com.br\/index.php\/wp-json\/wp\/v2\/types\/post"}],"author":[{"embeddable":true,"href":"https:\/\/jornaldeitaipava.com.br\/index.php\/wp-json\/wp\/v2\/users\/1"}],"replies":[{"embeddable":true,"href":"https:\/\/jornaldeitaipava.com.br\/index.php\/wp-json\/wp\/v2\/comments?post=39131"}],"version-history":[{"count":1,"href":"https:\/\/jornaldeitaipava.com.br\/index.php\/wp-json\/wp\/v2\/posts\/39131\/revisions"}],"predecessor-version":[{"id":39133,"href":"https:\/\/jornaldeitaipava.com.br\/index.php\/wp-json\/wp\/v2\/posts\/39131\/revisions\/39133"}],"wp:featuredmedia":[{"embeddable":true,"href":"https:\/\/jornaldeitaipava.com.br\/index.php\/wp-json\/wp\/v2\/media\/39132"}],"wp:attachment":[{"href":"https:\/\/jornaldeitaipava.com.br\/index.php\/wp-json\/wp\/v2\/media?parent=39131"}],"wp:term":[{"taxonomy":"category","embeddable":true,"href":"https:\/\/jornaldeitaipava.com.br\/index.php\/wp-json\/wp\/v2\/categories?post=39131"},{"taxonomy":"post_tag","embeddable":true,"href":"https:\/\/jornaldeitaipava.com.br\/index.php\/wp-json\/wp\/v2\/tags?post=39131"}],"curies":[{"name":"wp","href":"https:\/\/api.w.org\/{rel}","templated":true}]}}