{"id":39135,"date":"2024-04-07T11:20:00","date_gmt":"2024-04-07T14:20:00","guid":{"rendered":"http:\/\/jornaldeitaipava.com.br\/?p=39135"},"modified":"2024-04-07T11:20:09","modified_gmt":"2024-04-07T14:20:09","slug":"centro-cultural-estacao-nogueira-recebe-exposicao-in-memoriam-a-artista-plastica-martha-bulgarelli","status":"publish","type":"post","link":"https:\/\/jornaldeitaipava.com.br\/index.php\/2024\/04\/07\/centro-cultural-estacao-nogueira-recebe-exposicao-in-memoriam-a-artista-plastica-martha-bulgarelli\/","title":{"rendered":"Centro Cultural Esta\u00e7\u00e3o Nogueira recebe exposi\u00e7\u00e3o \u201cIn Memoriam\u201d a artista pl\u00e1stica Martha Bulgarelli"},"content":{"rendered":"\n<p>Come\u00e7a nessa sexta-feira (5), no Centro Cultural Esta\u00e7\u00e3o Nogueira, a exposi\u00e7\u00e3o \u201cIm Memoriam\u201d a artista pl\u00e1stica Martha Bulgaralli. A mostra conta com diversas telas dos artistas que tiveram pr\u00f3ximos a Martha no campo da pintura, trazendo a beleza das cores e os tra\u00e7os marcantes sobre a tela.<br>A exposi\u00e7\u00e3o, que \u00e9 aberta ao p\u00fablico, segue at\u00e9 21 de abril. A visita\u00e7\u00e3o acontece gratuitamente de ter\u00e7a a sexta-feira, das 9h \u00e0s 17h; e aos fins de semana e feriados, das 9h \u00e0s 13h.<\/p>\n\n\n\n<p>Servi\u00e7o:<br>Local: Centro Cultural Esta\u00e7\u00e3o Nogueira<br>Data: 05 a 21 de abril de 2024<br>Hor\u00e1rios: Ter\u00e7a a sexta-feira das 09h \u00e0s 17h<br>S\u00e1bados, domingos e feriados 09h \u00e0s 13h<br>Entrada Franca<br>Classifica\u00e7\u00e3o Livre<\/p>\n","protected":false},"excerpt":{"rendered":"<p>Come\u00e7a nessa sexta-feira (5), no Centro Cultural Esta\u00e7\u00e3o Nogueira, a exposi\u00e7\u00e3o \u201cIm Memoriam\u201d a artista<\/p>\n","protected":false},"author":1,"featured_media":27619,"comment_status":"closed","ping_status":"open","sticky":false,"template":"","format":"standard","meta":{"spay_email":"","footnotes":"","jetpack_publicize_message":""},"categories":[1],"tags":[],"jetpack_featured_media_url":"https:\/\/i1.wp.com\/jornaldeitaipava.com.br\/wp-content\/uploads\/2022\/04\/MUSEU-NOGUEIRA.png?fit=971%2C537&ssl=1","jetpack_publicize_connections":[],"jetpack_sharing_enabled":true,"jetpack_likes_enabled":true,"jetpack-related-posts":[],"_links":{"self":[{"href":"https:\/\/jornaldeitaipava.com.br\/index.php\/wp-json\/wp\/v2\/posts\/39135"}],"collection":[{"href":"https:\/\/jornaldeitaipava.com.br\/index.php\/wp-json\/wp\/v2\/posts"}],"about":[{"href":"https:\/\/jornaldeitaipava.com.br\/index.php\/wp-json\/wp\/v2\/types\/post"}],"author":[{"embeddable":true,"href":"https:\/\/jornaldeitaipava.com.br\/index.php\/wp-json\/wp\/v2\/users\/1"}],"replies":[{"embeddable":true,"href":"https:\/\/jornaldeitaipava.com.br\/index.php\/wp-json\/wp\/v2\/comments?post=39135"}],"version-history":[{"count":1,"href":"https:\/\/jornaldeitaipava.com.br\/index.php\/wp-json\/wp\/v2\/posts\/39135\/revisions"}],"predecessor-version":[{"id":39136,"href":"https:\/\/jornaldeitaipava.com.br\/index.php\/wp-json\/wp\/v2\/posts\/39135\/revisions\/39136"}],"wp:featuredmedia":[{"embeddable":true,"href":"https:\/\/jornaldeitaipava.com.br\/index.php\/wp-json\/wp\/v2\/media\/27619"}],"wp:attachment":[{"href":"https:\/\/jornaldeitaipava.com.br\/index.php\/wp-json\/wp\/v2\/media?parent=39135"}],"wp:term":[{"taxonomy":"category","embeddable":true,"href":"https:\/\/jornaldeitaipava.com.br\/index.php\/wp-json\/wp\/v2\/categories?post=39135"},{"taxonomy":"post_tag","embeddable":true,"href":"https:\/\/jornaldeitaipava.com.br\/index.php\/wp-json\/wp\/v2\/tags?post=39135"}],"curies":[{"name":"wp","href":"https:\/\/api.w.org\/{rel}","templated":true}]}}