{"id":39137,"date":"2024-04-07T11:23:01","date_gmt":"2024-04-07T14:23:01","guid":{"rendered":"http:\/\/jornaldeitaipava.com.br\/?p=39137"},"modified":"2024-04-07T11:23:07","modified_gmt":"2024-04-07T14:23:07","slug":"novidades-da-moda-outono-ja-sao-destaque-na-rua-teresa","status":"publish","type":"post","link":"https:\/\/jornaldeitaipava.com.br\/index.php\/2024\/04\/07\/novidades-da-moda-outono-ja-sao-destaque-na-rua-teresa\/","title":{"rendered":"Novidades da moda Outono j\u00e1 s\u00e3o destaque na Rua Teresa"},"content":{"rendered":"\n<p class=\"has-text-align-center\"><strong>Maior polo de moda do Estado oferece op\u00e7\u00f5es para todos os estilos<\/strong><\/p>\n\n\n\n<p>Branco, cinza, vermelho, cherry, marrom e preto. Essas s\u00e3o algumas das cores que ditar\u00e3o a moda Outono 2024. Mas, tamb\u00e9m ter\u00e3o destaque o risca de giz, as pe\u00e7as em alfaiataria e couro ecol\u00f3gico , queridinho de muitos. As op\u00e7\u00f5es para todos os gostos e estilos j\u00e1 estampam as vitrines da Rua Teresa, o maior polo de moda do Estado.Vale a pena conferir.<br>Segundo a consultora de Moda e Estilo, Elaine Vieira, a inova\u00e7\u00e3o fica por conta do marrom escuro, que vem como proposta para substituir as combina\u00e7\u00f5es dos tons cl\u00e1ssicos.<br>\u201cIdeal para as pe\u00e7as modernas, como os agasalhos e casacos. Os tons em dourado, ferrugem e amarelos quentes comunicam-se com as pe\u00e7as mais elegantes. O vermelho e o magenta prometem aquecer a esta\u00e7\u00e3o em diversas maneiras de combina\u00e7\u00e3o, desde um toque de cor no look neutro at\u00e9 o visual monocrom\u00e1tico\u201d, explica Elaine.<br>Um estilo mais casual combina com os tons azuis. \u201cO verde vem em nuances tonais nas pe\u00e7as, ligado \u00e0 sustentabilidade\u201d, acrescenta.<br>Para quem n\u00e3o abre m\u00e3o das estampas, o xadrez tamb\u00e9m ter\u00e1 destaque. \u201cSempre repaginado, o animal print \u00e9 a cara do outono e se mostra como uma aposta certa, em pe\u00e7as e acess\u00f3rios. Outras apostas s\u00e3o as estampas em folhagens e florais\u201d, confirma a consultora.<br>Para quem quer estar atendo \u00e0 moda, mas n\u00e3o abre m\u00e3o do conforto, op\u00e7\u00f5es mais cl\u00e1ssicas tamb\u00e9m se destacam, como o couro que ser\u00e1 encontrado em casacos, vestidos, saias, cal\u00e7as e acess\u00f3rios.<br>\u201cAs texturas felpudas, l\u00e3 e pel\u00facias, dominam a pegada de aconchego na esta\u00e7\u00e3o, em casacos e golas. O tric\u00f4 de tran\u00e7a \u00e9 aposta num modelo grosso de gola alta. O veludo encorpado em cal\u00e7as e coletes. Tend\u00eancia ousada na esta\u00e7\u00e3o \u00e9 a transpar\u00eancia, combinando com looks de alfaiataria\u2019, indica Elaine.<\/p>\n\n\n\n<p><strong>Sobreposi\u00e7\u00f5es e modelagem<br><\/strong>As sobreposi\u00e7\u00f5es: no outono, os looks usados geralmente incluem camadas com sobreposi\u00e7\u00f5es, como camisas ou blusas combinadas com cardig\u00e3s e jaquetas. Jeans com su\u00e9teres s\u00e3o populares, assim como vestidos com meia-cal\u00e7a e botas. Os sobretudos de couro prometem bombar na esta\u00e7\u00e3o.<br>\u201cNo que diz respeito \u00e0 modelagem, o outono de 2024 ser\u00e1 marcado por pe\u00e7as oversized e estruturadas at\u00e9 cortes mais ajustados. As jaquetas bomber e os casacos oversized ser\u00e3o pe\u00e7as-chave. Blazers estruturados, saias midi, al\u00e9m das cal\u00e7as cargo. As pe\u00e7as de alfaiataria continuam em destaque, combinando com diversas ocasi\u00f5es\u201d, diz Elaine.<br>Com rela\u00e7\u00e3o aos acess\u00f3rios, cachec\u00f3is e len\u00e7os s\u00e3o usados para adicionar calor e estilo, mas podem ser adaptados para outras funcionalidades, basta ter criatividade.<br>\u201cOs gorros e os capuzes dos casacos. Nos cal\u00e7ados, as botas de cano alto e ankle boots s\u00e3o os favoritos da esta\u00e7\u00e3o. Al\u00e9m disso, os t\u00eanis continuar\u00e3o sendo uma escolha popular, perfeitos para criar looks casuais e contempor\u00e2neos. No geral, o outono traz uma variedade de tend\u00eancias, desde cores e estampas at\u00e9 os tecidos e modelagens vers\u00e1teis, n\u00e3o falta algo para todos os gostos e estilos nesta temporada\u201d, conclui a consultora de moda.<br>A presidente da ARTE &#8211; Associa\u00e7\u00e3o da Rua Teresa &#8211; Denise Fiorini, destaca a qualidade das cria\u00e7\u00f5es. \u201cN\u00e3o \u00e0 toa a Rua Teresa \u00e9 o polo de moda preferido daqueles que est\u00e3o em busca de novidades e op\u00e7\u00f5es mais quentinhas, na prepara\u00e7\u00e3o para o inverno. H\u00e1 pe\u00e7as para todos os estilos e cria\u00e7\u00f5es que levam em conta a prefer\u00eancia dos clientes e a busca pelo conforto. Crian\u00e7as, adolescentes, mulheres, homens, h\u00e1 pe\u00e7as para todos os estilos\u201d, afirma.<br>As novidades da programa\u00e7\u00e3o, funcionamento, curiosidades e promo\u00e7\u00f5es da nossa Rua podem ser conferidos no Instagram oficial da ARTE (@ruateresaoficial).<\/p>\n","protected":false},"excerpt":{"rendered":"<p>Maior polo de moda do Estado oferece op\u00e7\u00f5es para todos os estilos Branco, cinza, vermelho,<\/p>\n","protected":false},"author":1,"featured_media":39138,"comment_status":"closed","ping_status":"open","sticky":false,"template":"","format":"standard","meta":{"spay_email":"","footnotes":"","jetpack_publicize_message":""},"categories":[24],"tags":[],"jetpack_featured_media_url":"https:\/\/i1.wp.com\/jornaldeitaipava.com.br\/wp-content\/uploads\/2024\/04\/outono-rua-teresa.png?fit=486%2C308&ssl=1","jetpack_publicize_connections":[],"jetpack_sharing_enabled":true,"jetpack_likes_enabled":true,"jetpack-related-posts":[],"_links":{"self":[{"href":"https:\/\/jornaldeitaipava.com.br\/index.php\/wp-json\/wp\/v2\/posts\/39137"}],"collection":[{"href":"https:\/\/jornaldeitaipava.com.br\/index.php\/wp-json\/wp\/v2\/posts"}],"about":[{"href":"https:\/\/jornaldeitaipava.com.br\/index.php\/wp-json\/wp\/v2\/types\/post"}],"author":[{"embeddable":true,"href":"https:\/\/jornaldeitaipava.com.br\/index.php\/wp-json\/wp\/v2\/users\/1"}],"replies":[{"embeddable":true,"href":"https:\/\/jornaldeitaipava.com.br\/index.php\/wp-json\/wp\/v2\/comments?post=39137"}],"version-history":[{"count":1,"href":"https:\/\/jornaldeitaipava.com.br\/index.php\/wp-json\/wp\/v2\/posts\/39137\/revisions"}],"predecessor-version":[{"id":39139,"href":"https:\/\/jornaldeitaipava.com.br\/index.php\/wp-json\/wp\/v2\/posts\/39137\/revisions\/39139"}],"wp:featuredmedia":[{"embeddable":true,"href":"https:\/\/jornaldeitaipava.com.br\/index.php\/wp-json\/wp\/v2\/media\/39138"}],"wp:attachment":[{"href":"https:\/\/jornaldeitaipava.com.br\/index.php\/wp-json\/wp\/v2\/media?parent=39137"}],"wp:term":[{"taxonomy":"category","embeddable":true,"href":"https:\/\/jornaldeitaipava.com.br\/index.php\/wp-json\/wp\/v2\/categories?post=39137"},{"taxonomy":"post_tag","embeddable":true,"href":"https:\/\/jornaldeitaipava.com.br\/index.php\/wp-json\/wp\/v2\/tags?post=39137"}],"curies":[{"name":"wp","href":"https:\/\/api.w.org\/{rel}","templated":true}]}}