{"id":39140,"date":"2024-04-07T11:26:22","date_gmt":"2024-04-07T14:26:22","guid":{"rendered":"http:\/\/jornaldeitaipava.com.br\/?p=39140"},"modified":"2024-04-07T11:26:27","modified_gmt":"2024-04-07T14:26:27","slug":"i-encontro-sobre-acessibilidade-equidade-e-inclusao-e-evento-reune-petropolitanos-na-cervejaria-colonus","status":"publish","type":"post","link":"https:\/\/jornaldeitaipava.com.br\/index.php\/2024\/04\/07\/i-encontro-sobre-acessibilidade-equidade-e-inclusao-e-evento-reune-petropolitanos-na-cervejaria-colonus\/","title":{"rendered":"I Encontro sobre Acessibilidade, Equidade e Inclus\u00e3o e evento re\u00fane petropolitanos na Cervejaria Colonus"},"content":{"rendered":"\n<p class=\"has-text-align-center\">Iniciativa da Deguste Produ\u00e7\u00f5es ter\u00e1 continuidade<\/p>\n\n\n\n<p>\u201cConsideramos que o conhecimento \u00e9 fator decisivo quando falamos sobre inclus\u00e3o, por isso, os encontros ter\u00e3o continuidade. Vamos tornar o setor de eventos ainda mais preparado para todo o p\u00fablico\u201d, disse Gabrielle Rosendo, produtora da Deguste e criadora do I Encontro sobre Acessibilidade, Equidade e Inclus\u00e3o. A iniciativa reuniu trabalhadores e interessados pelo tema na Cervejaria Colonus neste s\u00e1bado (06).<br>Na ocasi\u00e3o, o palestrante, Chen Li Cheng refor\u00e7ou a import\u00e2ncia da capacita\u00e7\u00e3o. \u201cEm algumas pessoas a defici\u00eancia \u00e9 vis\u00edvel, em outras, n\u00e3o. Por isso h\u00e1 os colares de identifica\u00e7\u00e3o, mas, a inclus\u00e3o n\u00e3o \u00e9 f\u00e1cil. Cada pessoa tem a sua particularidade. As iniciativas que consideram a inclus\u00e3o n\u00e3o devem ocorrer somente por requerimento legal ou conveni\u00eancia, mas por convic\u00e7\u00e3o, de que todos somos iguais e merecemos respeito\u201d, afirmou.<br>Rodrigo Duarte, idealizador da Deguste, esse \u00e9 um primeiro passo. \u201cA inten\u00e7\u00e3o \u00e9 trazer informa\u00e7\u00e3o e acolhimento n\u00e3o s\u00f3 para os frequentadores da Deguste, mas para todos aqueles que trabalham e participam de eventos em todo o munic\u00edpio. Outros encontros ser\u00e3o realizados e esperamos que a ades\u00e3o seja cada vez maior\u201d, explicou.<br>A prefeitura, apoiadora do evento, tamb\u00e9m marcou presen\u00e7a. \u201cParabenizamos a Deguste por esse evento que nos enche de esperan\u00e7a. Muitas fam\u00edlias deixam de levar seus filhos a eventos por causa da falta de acessibilidade e precisamos desse olhar atento de conscientiza\u00e7\u00e3o\u201d, afirmou Marcia Schanuel Bastos, assistente social que est\u00e1 \u00e0 frente da Secretaria da Pessoa com Defici\u00eancia, Mobilidade Reduzida e Doen\u00e7as Raras.<\/p>\n","protected":false},"excerpt":{"rendered":"<p>Iniciativa da Deguste Produ\u00e7\u00f5es ter\u00e1 continuidade \u201cConsideramos que o conhecimento \u00e9 fator decisivo quando falamos<\/p>\n","protected":false},"author":1,"featured_media":39141,"comment_status":"closed","ping_status":"open","sticky":false,"template":"","format":"standard","meta":{"spay_email":"","footnotes":"","jetpack_publicize_message":""},"categories":[2],"tags":[],"jetpack_featured_media_url":"https:\/\/i2.wp.com\/jornaldeitaipava.com.br\/wp-content\/uploads\/2024\/04\/Divulgacao_Deguste0.jpeg?fit=1600%2C900&ssl=1","jetpack_publicize_connections":[],"jetpack_sharing_enabled":true,"jetpack_likes_enabled":true,"jetpack-related-posts":[],"_links":{"self":[{"href":"https:\/\/jornaldeitaipava.com.br\/index.php\/wp-json\/wp\/v2\/posts\/39140"}],"collection":[{"href":"https:\/\/jornaldeitaipava.com.br\/index.php\/wp-json\/wp\/v2\/posts"}],"about":[{"href":"https:\/\/jornaldeitaipava.com.br\/index.php\/wp-json\/wp\/v2\/types\/post"}],"author":[{"embeddable":true,"href":"https:\/\/jornaldeitaipava.com.br\/index.php\/wp-json\/wp\/v2\/users\/1"}],"replies":[{"embeddable":true,"href":"https:\/\/jornaldeitaipava.com.br\/index.php\/wp-json\/wp\/v2\/comments?post=39140"}],"version-history":[{"count":1,"href":"https:\/\/jornaldeitaipava.com.br\/index.php\/wp-json\/wp\/v2\/posts\/39140\/revisions"}],"predecessor-version":[{"id":39142,"href":"https:\/\/jornaldeitaipava.com.br\/index.php\/wp-json\/wp\/v2\/posts\/39140\/revisions\/39142"}],"wp:featuredmedia":[{"embeddable":true,"href":"https:\/\/jornaldeitaipava.com.br\/index.php\/wp-json\/wp\/v2\/media\/39141"}],"wp:attachment":[{"href":"https:\/\/jornaldeitaipava.com.br\/index.php\/wp-json\/wp\/v2\/media?parent=39140"}],"wp:term":[{"taxonomy":"category","embeddable":true,"href":"https:\/\/jornaldeitaipava.com.br\/index.php\/wp-json\/wp\/v2\/categories?post=39140"},{"taxonomy":"post_tag","embeddable":true,"href":"https:\/\/jornaldeitaipava.com.br\/index.php\/wp-json\/wp\/v2\/tags?post=39140"}],"curies":[{"name":"wp","href":"https:\/\/api.w.org\/{rel}","templated":true}]}}