{"id":39143,"date":"2024-04-07T11:30:37","date_gmt":"2024-04-07T14:30:37","guid":{"rendered":"http:\/\/jornaldeitaipava.com.br\/?p=39143"},"modified":"2024-04-07T11:30:42","modified_gmt":"2024-04-07T14:30:42","slug":"o-planeta-e-suas-historias-com-novas-apresentacoes","status":"publish","type":"post","link":"https:\/\/jornaldeitaipava.com.br\/index.php\/2024\/04\/07\/o-planeta-e-suas-historias-com-novas-apresentacoes\/","title":{"rendered":"\u2018O Planeta e Suas Hist\u00f3rias\u2019 com novas apresenta\u00e7\u00f5es"},"content":{"rendered":"\n<p>O show \u2018O Planeta e suas hist\u00f3rias: circuito de educa\u00e7\u00e3o ambiental\u2019 est\u00e1 de volta neste m\u00eas de abril com seis apresenta\u00e7\u00f5es para alunos de escolas municipais e institui\u00e7\u00f5es de apoio a pessoas com defici\u00eancia. A atra\u00e7\u00e3o cultural foi aprovada no edital \u2018Produ\u00e7\u00f5es Culturais &#8211; Lei Paulo Gustavo\u2019, realizado pelo Governo Federal, por meio do Minist\u00e9rio da Cultura, e pela Prefeitura de Petr\u00f3polis, por meio do Instituto Municipal de Cultura (IMC). Tamb\u00e9m haver\u00e1 uma apresenta\u00e7\u00e3o aberta ao p\u00fablico geral, com entrada franca.<br>\u201cO Planeta e Suas Hist\u00f3rias\u201d \u00e9 um show ecol\u00f3gico que re\u00fane doze m\u00fasicas compostas por Val\u00e9ria Cardoso. O repert\u00f3rio aborda no\u00e7\u00f5es gerais fundamentais para as pr\u00e1ticas de preserva\u00e7\u00e3o ambiental, al\u00e9m de chamar a aten\u00e7\u00e3o para a problem\u00e1tica da contamina\u00e7\u00e3o e do desperd\u00edcio de nossos recursos naturais.<br>\u201cO espet\u00e1culo prop\u00f5e a busca pela sustentabilidade e faz, ao final, uma singela homenagem aos povos ind\u00edgenas\u201d, contou a artista, que se apresentar\u00e1 acompanhada de banda.<br>O show tem dura\u00e7\u00e3o de 60 minutos, \u00e9 interativo e tem linguagem acess\u00edvel ao p\u00fablico de todas as idades. No espet\u00e1culo, Val\u00e9ria Cardoso, al\u00e9m de cantar, narra, de forma l\u00fadica, pequenas hist\u00f3rias que introduzem cada uma das m\u00fasicas, produzindo expectativa na plateia. Durante o show, ser\u00e3o exibidas em tel\u00e3o ilustra\u00e7\u00f5es em cartoon criadas especialmente para o projeto por Rodrigo Santana CB e Nat\u00e1lia Wanderley, juntamente com as letras das m\u00fasicas.<br>A produ\u00e7\u00e3o musical \u201cO Planeta e Suas Hist\u00f3rias\u201d e dire\u00e7\u00e3o s\u00e3o de Andr\u00e9 Amon e produ\u00e7\u00e3o executiva da Prana. Apoio Est\u00fadio Mano Tamo. Em todas as apresenta\u00e7\u00f5es do show haver\u00e1 interpreta\u00e7\u00e3o em LIBRAS.<\/p>\n\n\n\n<p>Servi\u00e7o:<br>Shows:<br>09\/04 \u2013 Escola Municipal Monsenhor Jo\u00e3o de Deus Rodrigues (Pedro do Rio)<br>16\/04 \u2013 Escola Municipal Nilton S\u00e3o Thiago (Nogueira)<br>17\/04 \u2013 Centro de Artes e Esportes Unificados (CEU) &#8211; Pra\u00e7a Corta Rio (Posse), \u00e0s 13h (para escolas agendadas)<\/p>\n\n\n\n<p>Pocket shows:<br>24\/04 \u2013 CEI Professora Anna Maria Nardi (Quissam\u00e3)<br>26\/04 \u2013 Lar para crian\u00e7as Nossa Senhora das Gra\u00e7as (Corr\u00eaas)<br>27\/4 \u2013 Instituto Alliance \u2013 Associa\u00e7\u00e3o de assist\u00eancia para pessoas com defici\u00eancia (Rua Casemiro de Abreu, 58 \u2013 Centro), \u00e0s 16h (entrada franca para p\u00fablico geral)<\/p>\n\n\n\n<p>Ficha t\u00e9cnica<\/p>\n\n\n\n<p>Dire\u00e7\u00e3o: Andr\u00e9 Amon<br>Interpreta\u00e7\u00e3o: Val\u00e9ria Cardoso<br>M\u00fasicos da banda:<br>Guitarra \u2013 Marco Lima<br>Teclado \u2013 Rodrigo Fiorini<br>Contra-baixo-el\u00e9trico \u2013 Mauro Lima<br>Bateria, produ\u00e7\u00e3o musical e efeitos sonoros \u2013 Andr\u00e9 Amon<br>M\u00fasicas de Val\u00e9ria Cardoso<br>Textos: Val\u00e9ria Cardoso<br>Apoio coreogr\u00e1fico: Rosa M\u00fcller<br>Assessoria de comunica\u00e7\u00e3o: Vivian Dutra<br>Assistentes de produ\u00e7\u00e3o: Rosa M\u00fcller e Marcele Jord\u00e3o<br>Produ\u00e7\u00e3o executiva: Prana<br>Realiza\u00e7\u00e3o: Prana<\/p>\n","protected":false},"excerpt":{"rendered":"<p>O show \u2018O Planeta e suas hist\u00f3rias: circuito de educa\u00e7\u00e3o ambiental\u2019 est\u00e1 de volta neste<\/p>\n","protected":false},"author":1,"featured_media":39144,"comment_status":"closed","ping_status":"open","sticky":false,"template":"","format":"standard","meta":{"spay_email":"","footnotes":"","jetpack_publicize_message":""},"categories":[1],"tags":[],"jetpack_featured_media_url":"https:\/\/i0.wp.com\/jornaldeitaipava.com.br\/wp-content\/uploads\/2024\/04\/IMG_0260.jpg?fit=1920%2C1280&ssl=1","jetpack_publicize_connections":[],"jetpack_sharing_enabled":true,"jetpack_likes_enabled":true,"jetpack-related-posts":[],"_links":{"self":[{"href":"https:\/\/jornaldeitaipava.com.br\/index.php\/wp-json\/wp\/v2\/posts\/39143"}],"collection":[{"href":"https:\/\/jornaldeitaipava.com.br\/index.php\/wp-json\/wp\/v2\/posts"}],"about":[{"href":"https:\/\/jornaldeitaipava.com.br\/index.php\/wp-json\/wp\/v2\/types\/post"}],"author":[{"embeddable":true,"href":"https:\/\/jornaldeitaipava.com.br\/index.php\/wp-json\/wp\/v2\/users\/1"}],"replies":[{"embeddable":true,"href":"https:\/\/jornaldeitaipava.com.br\/index.php\/wp-json\/wp\/v2\/comments?post=39143"}],"version-history":[{"count":1,"href":"https:\/\/jornaldeitaipava.com.br\/index.php\/wp-json\/wp\/v2\/posts\/39143\/revisions"}],"predecessor-version":[{"id":39145,"href":"https:\/\/jornaldeitaipava.com.br\/index.php\/wp-json\/wp\/v2\/posts\/39143\/revisions\/39145"}],"wp:featuredmedia":[{"embeddable":true,"href":"https:\/\/jornaldeitaipava.com.br\/index.php\/wp-json\/wp\/v2\/media\/39144"}],"wp:attachment":[{"href":"https:\/\/jornaldeitaipava.com.br\/index.php\/wp-json\/wp\/v2\/media?parent=39143"}],"wp:term":[{"taxonomy":"category","embeddable":true,"href":"https:\/\/jornaldeitaipava.com.br\/index.php\/wp-json\/wp\/v2\/categories?post=39143"},{"taxonomy":"post_tag","embeddable":true,"href":"https:\/\/jornaldeitaipava.com.br\/index.php\/wp-json\/wp\/v2\/tags?post=39143"}],"curies":[{"name":"wp","href":"https:\/\/api.w.org\/{rel}","templated":true}]}}