{"id":39149,"date":"2024-04-07T11:39:54","date_gmt":"2024-04-07T14:39:54","guid":{"rendered":"http:\/\/jornaldeitaipava.com.br\/?p=39149"},"modified":"2024-04-07T11:40:06","modified_gmt":"2024-04-07T14:40:06","slug":"agora-e-lei-cobranca-da-iluminacao-publica-devera-ser-reestruturada-em-petropolis","status":"publish","type":"post","link":"https:\/\/jornaldeitaipava.com.br\/index.php\/2024\/04\/07\/agora-e-lei-cobranca-da-iluminacao-publica-devera-ser-reestruturada-em-petropolis\/","title":{"rendered":"Agora \u00e9 Lei: cobran\u00e7a da ilumina\u00e7\u00e3o p\u00fablica dever\u00e1 ser reestruturada em Petr\u00f3polis"},"content":{"rendered":"\n<p>A Lei 8.720\/24, promulgada recentemente, promover\u00e1 mudan\u00e7as na forma em como a ilumina\u00e7\u00e3o p\u00fablica ser\u00e1 cobrada no munic\u00edpio. A lei, de autoria do vereador Dudu, determina que as faturas de energia el\u00e9trica enviadas aos consumidores devem apresentar os valores e os c\u00f3digos de barras relativos ao consumo mensal de energia e \u00e0 contribui\u00e7\u00e3o de ilumina\u00e7\u00e3o p\u00fablica de maneira separada, permitindo que sejam quitados de maneira independente.<br>-A ilumina\u00e7\u00e3o p\u00fablica da nossa cidade \u00e9 prec\u00e1ria. Esse projeto \u00e9 um basta, pois quem n\u00e3o tem ilumina\u00e7\u00e3o p\u00fablica em sua rua, pode brigar na justi\u00e7a e garantir o direito de ser isento dessa taxa -, explica o vereador Dudu.<br>Ainda segundo Dudu, a reestrutura\u00e7\u00e3o na forma de cobran\u00e7a e na gest\u00e3o da ilumina\u00e7\u00e3o p\u00fablica proporciona mais transpar\u00eancia nos gastos relacionados ao servi\u00e7o. \u201cS\u00e3o contratos de custos alt\u00edssimos que devem ser melhor analisados, al\u00e9m de ser necess\u00e1ria uma presta\u00e7\u00e3o de contas para sabermos onde esse dinheiro \u00e9 gasto\u201d, finaliza.<\/p>\n","protected":false},"excerpt":{"rendered":"<p>A Lei 8.720\/24, promulgada recentemente, promover\u00e1 mudan\u00e7as na forma em como a ilumina\u00e7\u00e3o p\u00fablica ser\u00e1<\/p>\n","protected":false},"author":1,"featured_media":14367,"comment_status":"closed","ping_status":"open","sticky":false,"template":"","format":"standard","meta":{"spay_email":"","footnotes":"","jetpack_publicize_message":""},"categories":[2],"tags":[],"jetpack_featured_media_url":"https:\/\/i1.wp.com\/jornaldeitaipava.com.br\/wp-content\/uploads\/2021\/05\/contas-luz.jpg?fit=971%2C575&ssl=1","jetpack_publicize_connections":[],"jetpack_sharing_enabled":true,"jetpack_likes_enabled":true,"jetpack-related-posts":[],"_links":{"self":[{"href":"https:\/\/jornaldeitaipava.com.br\/index.php\/wp-json\/wp\/v2\/posts\/39149"}],"collection":[{"href":"https:\/\/jornaldeitaipava.com.br\/index.php\/wp-json\/wp\/v2\/posts"}],"about":[{"href":"https:\/\/jornaldeitaipava.com.br\/index.php\/wp-json\/wp\/v2\/types\/post"}],"author":[{"embeddable":true,"href":"https:\/\/jornaldeitaipava.com.br\/index.php\/wp-json\/wp\/v2\/users\/1"}],"replies":[{"embeddable":true,"href":"https:\/\/jornaldeitaipava.com.br\/index.php\/wp-json\/wp\/v2\/comments?post=39149"}],"version-history":[{"count":1,"href":"https:\/\/jornaldeitaipava.com.br\/index.php\/wp-json\/wp\/v2\/posts\/39149\/revisions"}],"predecessor-version":[{"id":39150,"href":"https:\/\/jornaldeitaipava.com.br\/index.php\/wp-json\/wp\/v2\/posts\/39149\/revisions\/39150"}],"wp:featuredmedia":[{"embeddable":true,"href":"https:\/\/jornaldeitaipava.com.br\/index.php\/wp-json\/wp\/v2\/media\/14367"}],"wp:attachment":[{"href":"https:\/\/jornaldeitaipava.com.br\/index.php\/wp-json\/wp\/v2\/media?parent=39149"}],"wp:term":[{"taxonomy":"category","embeddable":true,"href":"https:\/\/jornaldeitaipava.com.br\/index.php\/wp-json\/wp\/v2\/categories?post=39149"},{"taxonomy":"post_tag","embeddable":true,"href":"https:\/\/jornaldeitaipava.com.br\/index.php\/wp-json\/wp\/v2\/tags?post=39149"}],"curies":[{"name":"wp","href":"https:\/\/api.w.org\/{rel}","templated":true}]}}