{"id":39160,"date":"2024-04-07T12:01:42","date_gmt":"2024-04-07T15:01:42","guid":{"rendered":"http:\/\/jornaldeitaipava.com.br\/?p=39160"},"modified":"2024-04-07T12:01:49","modified_gmt":"2024-04-07T15:01:49","slug":"supercomputador-mais-potente-do-pais-que-opera-no-lncc-tera-capacidade-aumentada","status":"publish","type":"post","link":"https:\/\/jornaldeitaipava.com.br\/index.php\/2024\/04\/07\/supercomputador-mais-potente-do-pais-que-opera-no-lncc-tera-capacidade-aumentada\/","title":{"rendered":"Supercomputador mais potente do pa\u00eds, que opera no LNCC, ter\u00e1 capacidade aumentada"},"content":{"rendered":"\n<p>O supercomputador Santos Dumont, que opera fisicamente em Petr\u00f3polis, vai ficar mais potente at\u00e9 novembro desse ano. O Laborat\u00f3rio Nacional de Computa\u00e7\u00e3o Cient\u00edfica (LNCC) e a Eviden, empresa do Grupo Atos que trabalha com computa\u00e7\u00e3o avan\u00e7ada, assinaram um novo contrato no valor de 19,4 milh\u00f5es de d\u00f3lares, que vai permitir que a m\u00e1quina passe dos atuais 5,1 Petaflop\/s para 17 Petaflop\/s de capacidade. Segundo os pesquisadores, ser\u00e1 o supercomputador mais poderoso da Am\u00e9rica Latina para estudos acad\u00eamicos.<br>Baseada na arquitetura BullSequana XH3000 da Eviden, essa expans\u00e3o \u00e9 necess\u00e1ria periodicamente para acompanhar novas e crescentes demandas tecnol\u00f3gicas. Um equipamento com essas caracter\u00edsticas costuma ficar obsoleto entre 3 a 6 anos de uso. Depois de finalizar a instala\u00e7\u00e3o, a nova configura\u00e7\u00e3o ser\u00e1 disponibilizada para a comunidade acad\u00eamica a partir de janeiro de 2025.<br>Para efeitos de compara\u00e7\u00e3o, a atualiza\u00e7\u00e3o do supercomputador far\u00e1 com que ele tenha capacidade equivalente a de dezenas de milhares de computadores modernos de uso dom\u00e9stico. A expans\u00e3o \u00e9 financiada pela Petrobras e permitir\u00e1 que os pesquisadores continuem realizando pesquisas de ponta, assim como simula\u00e7\u00f5es mais complexas do que as atuais e an\u00e1lises de dados em larga escala. A meta \u00e9 continuar investindo em inova\u00e7\u00e3o e desenvolvimento de estudos.<br>&#8220;Em primeiro lugar, o aumento da capacidade permite atender um n\u00famero muito maior de projetos sendo executados simultaneamente. Em segundo lugar, [aumenta] a capacidade de executar simula\u00e7\u00f5es de sistemas naturais e artificiais ou socioecon\u00f4micos de maior complexidade. E, ainda, a an\u00e1lise de dados de maior volume e tamb\u00e9m treinamento de sistemas de intelig\u00eancia artificial mais sofisticados&#8221;, explicou Antonio Tadeu Gomes, que \u00e9 tecnologista e coordenador do Comit\u00ea Gestor do Supercomputador Santos Dumont.<br>O supercomputador n\u00e3o est\u00e1 restrito a um pequeno grupo de cientistas. Qualquer pesquisador que precise desse tipo de equipamento para a execu\u00e7\u00e3o de um projeto, pode entrar em contato com o LNCC e apresentar a demanda. O equipamento j\u00e1 ajudou uma s\u00e9rie de estudos para o tratamento da covid-19, por exemplo. H\u00e1 pesquisas para criar estrat\u00e9gias de uso de f\u00e1rmacos j\u00e1 existentes para o tratamento da doen\u00e7a, assim como pesquisa de bases moleculares das comorbidades associadas ao desenvolvimento da covid-19 grave. E um estudo em andamento de an\u00e1lise gen\u00f4mica para identifica\u00e7\u00e3o de muta\u00e7\u00f5es som\u00e1ticas e germinativas associadas ao c\u00e2ncer.<br>&#8220;O supercomputador Santos Dumont est\u00e1 dispon\u00edvel para toda a comunidade cient\u00edfica nacional, mediante apresenta\u00e7\u00e3o de projeto. S\u00e3o avaliados o m\u00e9rito cient\u00edfico e as necessidades de uso de um supercomputador para execu\u00e7\u00e3o dele. O projeto \u00e9 avaliado por especialistas na \u00e1rea de computa\u00e7\u00e3o. N\u00f3s temos pesquisadores tamb\u00e9m das \u00e1reas de qu\u00edmica, f\u00edsica, engenharia, ci\u00eancias da computa\u00e7\u00e3o, meteorologia, matem\u00e1tica, entre outras, que nos apoiam na avali\u00e7\u00e3o e na necessidade de processamento que ser\u00e1 oferecido para cada um dos projetos aprovados. A apresenta\u00e7\u00e3o de propostas pode ser feita em qualquer per\u00edodo do ano, entre fevereiro e novembro. Temos chamadas anuais de projetos&#8221;, disse Antonio Tadeu.<\/p>\n\n\n\n<p>Da Ag\u00eancia Brasil<\/p>\n","protected":false},"excerpt":{"rendered":"<p>O supercomputador Santos Dumont, que opera fisicamente em Petr\u00f3polis, vai ficar mais potente at\u00e9 novembro<\/p>\n","protected":false},"author":1,"featured_media":8470,"comment_status":"closed","ping_status":"open","sticky":false,"template":"","format":"standard","meta":{"spay_email":"","footnotes":"","jetpack_publicize_message":""},"categories":[2],"tags":[],"jetpack_featured_media_url":"https:\/\/i0.wp.com\/jornaldeitaipava.com.br\/wp-content\/uploads\/2021\/01\/LNCC-SUPER-COMPUTADOR.jpg?fit=834%2C629&ssl=1","jetpack_publicize_connections":[],"jetpack_sharing_enabled":true,"jetpack_likes_enabled":true,"jetpack-related-posts":[],"_links":{"self":[{"href":"https:\/\/jornaldeitaipava.com.br\/index.php\/wp-json\/wp\/v2\/posts\/39160"}],"collection":[{"href":"https:\/\/jornaldeitaipava.com.br\/index.php\/wp-json\/wp\/v2\/posts"}],"about":[{"href":"https:\/\/jornaldeitaipava.com.br\/index.php\/wp-json\/wp\/v2\/types\/post"}],"author":[{"embeddable":true,"href":"https:\/\/jornaldeitaipava.com.br\/index.php\/wp-json\/wp\/v2\/users\/1"}],"replies":[{"embeddable":true,"href":"https:\/\/jornaldeitaipava.com.br\/index.php\/wp-json\/wp\/v2\/comments?post=39160"}],"version-history":[{"count":1,"href":"https:\/\/jornaldeitaipava.com.br\/index.php\/wp-json\/wp\/v2\/posts\/39160\/revisions"}],"predecessor-version":[{"id":39161,"href":"https:\/\/jornaldeitaipava.com.br\/index.php\/wp-json\/wp\/v2\/posts\/39160\/revisions\/39161"}],"wp:featuredmedia":[{"embeddable":true,"href":"https:\/\/jornaldeitaipava.com.br\/index.php\/wp-json\/wp\/v2\/media\/8470"}],"wp:attachment":[{"href":"https:\/\/jornaldeitaipava.com.br\/index.php\/wp-json\/wp\/v2\/media?parent=39160"}],"wp:term":[{"taxonomy":"category","embeddable":true,"href":"https:\/\/jornaldeitaipava.com.br\/index.php\/wp-json\/wp\/v2\/categories?post=39160"},{"taxonomy":"post_tag","embeddable":true,"href":"https:\/\/jornaldeitaipava.com.br\/index.php\/wp-json\/wp\/v2\/tags?post=39160"}],"curies":[{"name":"wp","href":"https:\/\/api.w.org\/{rel}","templated":true}]}}