{"id":39162,"date":"2024-04-07T12:10:40","date_gmt":"2024-04-07T15:10:40","guid":{"rendered":"http:\/\/jornaldeitaipava.com.br\/?p=39162"},"modified":"2024-04-07T12:10:45","modified_gmt":"2024-04-07T15:10:45","slug":"camara-aprova-projeto-que-cria-campanha-para-doacao-de-cabelos-para-pessoas-em-tratamento-contra-o-cancer","status":"publish","type":"post","link":"https:\/\/jornaldeitaipava.com.br\/index.php\/2024\/04\/07\/camara-aprova-projeto-que-cria-campanha-para-doacao-de-cabelos-para-pessoas-em-tratamento-contra-o-cancer\/","title":{"rendered":"C\u00e2mara aprova projeto que cria campanha para doa\u00e7\u00e3o de cabelos para pessoas em tratamento contra o c\u00e2ncer"},"content":{"rendered":"\n<p>A C\u00e2mara Municipal aprovou, em Segunda Discuss\u00e3o, um Projeto de Lei de autoria do vereador Eduardo do Blog que institui no munic\u00edpio o movimento &#8220;Cabelo Solid\u00e1rio &#8211; Amor a Cada Fio&#8221;, uma campanha de incentivo a doa\u00e7\u00e3o de cabelos para pessoas e institui\u00e7\u00f5es sociais que auxiliam no tratamento do c\u00e2ncer, a ser realizada, anualmente, no dia 27 de novembro.<br>A ideia \u00e9 promover a conscientiza\u00e7\u00e3o da popula\u00e7\u00e3o sobre a import\u00e2ncia da doa\u00e7\u00e3o de cabelos para viabilizar a produ\u00e7\u00e3o gratuita de perucas com a parceria de \u00f3rg\u00e3os da administra\u00e7\u00e3o p\u00fablica municipal, empresas, entidades de classe, associa\u00e7\u00f5es, federa\u00e7\u00f5es e \u00e0 sociedade civil organizada. A data passar\u00e1 tamb\u00e9m a integrar o Calend\u00e1rio Oficial de Eventos do Munic\u00edpio.<br>Em sua justificativa o autor frisou que autoestima de pacientes com c\u00e2ncer, tratadas com quimioterapia, \u00e9 extremamente importante na sua recupera\u00e7\u00e3o, o uso de perucas \u00e9 uma instrumento muito utilizados por hospitais, ONG&#8217;s e associa\u00e7\u00f5es para auxiliar na recupera\u00e7\u00e3o das pacientes.<br>&#8220;Muitos hospitais possuem bancos de cabelos para a confec\u00e7\u00e3o das perucas que ser\u00e3o utilizadas em seus pacientes, mas \u00e9 necess\u00e1rio que tenham doa\u00e7\u00f5es suficientes de cabelos para essa finalidade. Tamb\u00e9m \u00e9 importante ressaltar que muitas perucas n\u00e3o podem ser adquiridas por pessoas carentes, dado o custo elevado, por isso a import\u00e2ncia desse movimento&#8221;, disse Eduardo do Blog.<br>O Projeto segue agora para a san\u00e7\u00e3o do Executivo.<\/p>\n","protected":false},"excerpt":{"rendered":"<p>A C\u00e2mara Municipal aprovou, em Segunda Discuss\u00e3o, um Projeto de Lei de autoria do vereador<\/p>\n","protected":false},"author":1,"featured_media":39163,"comment_status":"closed","ping_status":"open","sticky":false,"template":"","format":"standard","meta":{"spay_email":"","footnotes":"","jetpack_publicize_message":""},"categories":[2],"tags":[],"jetpack_featured_media_url":"https:\/\/i2.wp.com\/jornaldeitaipava.com.br\/wp-content\/uploads\/2024\/04\/WhatsApp-Image-2024-04-04-at-13.16.19.jpeg?fit=1600%2C1200&ssl=1","jetpack_publicize_connections":[],"jetpack_sharing_enabled":true,"jetpack_likes_enabled":true,"jetpack-related-posts":[],"_links":{"self":[{"href":"https:\/\/jornaldeitaipava.com.br\/index.php\/wp-json\/wp\/v2\/posts\/39162"}],"collection":[{"href":"https:\/\/jornaldeitaipava.com.br\/index.php\/wp-json\/wp\/v2\/posts"}],"about":[{"href":"https:\/\/jornaldeitaipava.com.br\/index.php\/wp-json\/wp\/v2\/types\/post"}],"author":[{"embeddable":true,"href":"https:\/\/jornaldeitaipava.com.br\/index.php\/wp-json\/wp\/v2\/users\/1"}],"replies":[{"embeddable":true,"href":"https:\/\/jornaldeitaipava.com.br\/index.php\/wp-json\/wp\/v2\/comments?post=39162"}],"version-history":[{"count":1,"href":"https:\/\/jornaldeitaipava.com.br\/index.php\/wp-json\/wp\/v2\/posts\/39162\/revisions"}],"predecessor-version":[{"id":39164,"href":"https:\/\/jornaldeitaipava.com.br\/index.php\/wp-json\/wp\/v2\/posts\/39162\/revisions\/39164"}],"wp:featuredmedia":[{"embeddable":true,"href":"https:\/\/jornaldeitaipava.com.br\/index.php\/wp-json\/wp\/v2\/media\/39163"}],"wp:attachment":[{"href":"https:\/\/jornaldeitaipava.com.br\/index.php\/wp-json\/wp\/v2\/media?parent=39162"}],"wp:term":[{"taxonomy":"category","embeddable":true,"href":"https:\/\/jornaldeitaipava.com.br\/index.php\/wp-json\/wp\/v2\/categories?post=39162"},{"taxonomy":"post_tag","embeddable":true,"href":"https:\/\/jornaldeitaipava.com.br\/index.php\/wp-json\/wp\/v2\/tags?post=39162"}],"curies":[{"name":"wp","href":"https:\/\/api.w.org\/{rel}","templated":true}]}}