{"id":39170,"date":"2024-04-09T09:22:14","date_gmt":"2024-04-09T12:22:14","guid":{"rendered":"http:\/\/jornaldeitaipava.com.br\/?p=39170"},"modified":"2024-04-09T09:22:27","modified_gmt":"2024-04-09T12:22:27","slug":"obras-para-a-unidade-de-quimioterapia-do-hospital-alcides-carneiro-estao-em-fase-final","status":"publish","type":"post","link":"https:\/\/jornaldeitaipava.com.br\/index.php\/2024\/04\/09\/obras-para-a-unidade-de-quimioterapia-do-hospital-alcides-carneiro-estao-em-fase-final\/","title":{"rendered":"Obras para a Unidade de Quimioterapia do Hospital Alcides Carneiro est\u00e3o em fase final"},"content":{"rendered":"\n<p>Hoje, dia 08 de abril, \u00e9 o Dia Mundial de Combate ao C\u00e2ncer. Em Petr\u00f3polis a luta continua e as obras da primeira Unidade de Quimioterapia do Hospital Alcides Carneiro (HAC) est\u00e3o em fase final. O HAC, maior hospital p\u00fablico de Petr\u00f3polis, \u00e9 refer\u00eancia em oncologia na Regi\u00e3o Serrana, e busca dar mais um passo para oferecer aos pacientes o melhor tratamento poss\u00edvel contra o c\u00e2ncer.<br>\u201cAs obras de adapta\u00e7\u00e3o para o funcionamento da Unidade de Quimioterapia est\u00e3o 80% prontas. Temos certeza que esta unidade ir\u00e1 trazer mais conforto para os pacientes que hoje fazem o acompanhamento aqui no Hospital Alcides Carneiro. Eles n\u00e3o precisar\u00e3o se deslocar para outro ponto da cidade para passar pelo procedimento de quimioterapia, podendo passar por essa etapa aqui mesmo.\u201d, disse o prefeito Rubens Bomtempo.<br>O HAC \u00e9 um hospital credenciado pelo munic\u00edpio e habilitado pelo Minist\u00e9rio da Sa\u00fade como Unidade de Assist\u00eancia de Alta Complexidade \u2013 UNACON, de aten\u00e7\u00e3o especializada em tratamento oncol\u00f3gico cl\u00ednico e cir\u00fargico.<br>\u201cNeste dia, precisamos refor\u00e7ar a necessidade de preven\u00e7\u00e3o. Ainda n\u00e3o temos uma cura definitiva para o c\u00e2ncer, por\u00e9m, a medicina avan\u00e7a com os tratamentos e em muitos casos \u00e9 poss\u00edvel vencer a doen\u00e7a. Desta forma, a amplia\u00e7\u00e3o do servi\u00e7o de quimioterapia \u00e9 muito importante para a nossa cidade\u201d, destacou Marcus Curvelo, secret\u00e1rio de Sa\u00fade.<br>A Unidade de Quimioterapia no HAC ser\u00e1 um avan\u00e7o significativo no combate \u00e0 doen\u00e7a, ampliando a capacidade de atendimento aos pacientes oncol\u00f3gicos, que hoje contam somente com o Centro de Terapia Oncol\u00f3gica (CTO), que recebe pacientes de v\u00e1rios munic\u00edpios.<br>\u201cO servi\u00e7o j\u00e1 \u00e9 disponibilizado no Centro de Terapia Oncol\u00f3gica, por\u00e9m \u00e9 de extrema import\u00e2ncia oferecer mais um local para o tratamento dos pacientes do SUS\u201d comentou Ricardo Patulea, presidente do Sehac.<br>A quimioterapia \u00e9 um tratamento que utiliza medicamentos para destruir as c\u00e9lulas doentes que formam tumores ou que se multiplicam de forma desordenada, impedindo a prolifera\u00e7\u00e3o de c\u00e9lulas cancerosas.<\/p>\n\n\n\n<p><strong>Combate<br><\/strong>Hoje \u00e9 fundamental discutir abertamente a respeito do C\u00e2ncer, seja sobre sinais, sintomas, ou suas formas de preven\u00e7\u00e3o e conquistas alcan\u00e7adas para o combate. O Governo de Petr\u00f3polis vem organizando campanhas de combate ao C\u00e2ncer, dias D, encontros para debate, dentre outras frentes, com o objetivo de promover a conscientiza\u00e7\u00e3o e a luta contra o C\u00e2ncer. S\u00f3 em 22023 mais de 12.400 exames de mamografia foram realizados. A Unidade de Quimioterapia do HAC vai ser mais um passo em prol da sa\u00fade em Petr\u00f3polis.<\/p>\n","protected":false},"excerpt":{"rendered":"<p>Hoje, dia 08 de abril, \u00e9 o Dia Mundial de Combate ao C\u00e2ncer. Em Petr\u00f3polis<\/p>\n","protected":false},"author":1,"featured_media":10856,"comment_status":"closed","ping_status":"open","sticky":false,"template":"","format":"standard","meta":{"spay_email":"","footnotes":"","jetpack_publicize_message":""},"categories":[2],"tags":[],"jetpack_featured_media_url":"https:\/\/i0.wp.com\/jornaldeitaipava.com.br\/wp-content\/uploads\/2021\/03\/HAC.jpg?fit=594%2C372&ssl=1","jetpack_publicize_connections":[],"jetpack_sharing_enabled":true,"jetpack_likes_enabled":true,"jetpack-related-posts":[],"_links":{"self":[{"href":"https:\/\/jornaldeitaipava.com.br\/index.php\/wp-json\/wp\/v2\/posts\/39170"}],"collection":[{"href":"https:\/\/jornaldeitaipava.com.br\/index.php\/wp-json\/wp\/v2\/posts"}],"about":[{"href":"https:\/\/jornaldeitaipava.com.br\/index.php\/wp-json\/wp\/v2\/types\/post"}],"author":[{"embeddable":true,"href":"https:\/\/jornaldeitaipava.com.br\/index.php\/wp-json\/wp\/v2\/users\/1"}],"replies":[{"embeddable":true,"href":"https:\/\/jornaldeitaipava.com.br\/index.php\/wp-json\/wp\/v2\/comments?post=39170"}],"version-history":[{"count":1,"href":"https:\/\/jornaldeitaipava.com.br\/index.php\/wp-json\/wp\/v2\/posts\/39170\/revisions"}],"predecessor-version":[{"id":39171,"href":"https:\/\/jornaldeitaipava.com.br\/index.php\/wp-json\/wp\/v2\/posts\/39170\/revisions\/39171"}],"wp:featuredmedia":[{"embeddable":true,"href":"https:\/\/jornaldeitaipava.com.br\/index.php\/wp-json\/wp\/v2\/media\/10856"}],"wp:attachment":[{"href":"https:\/\/jornaldeitaipava.com.br\/index.php\/wp-json\/wp\/v2\/media?parent=39170"}],"wp:term":[{"taxonomy":"category","embeddable":true,"href":"https:\/\/jornaldeitaipava.com.br\/index.php\/wp-json\/wp\/v2\/categories?post=39170"},{"taxonomy":"post_tag","embeddable":true,"href":"https:\/\/jornaldeitaipava.com.br\/index.php\/wp-json\/wp\/v2\/tags?post=39170"}],"curies":[{"name":"wp","href":"https:\/\/api.w.org\/{rel}","templated":true}]}}