{"id":39172,"date":"2024-04-09T09:24:28","date_gmt":"2024-04-09T12:24:28","guid":{"rendered":"http:\/\/jornaldeitaipava.com.br\/?p=39172"},"modified":"2024-04-09T09:24:33","modified_gmt":"2024-04-09T12:24:33","slug":"unidade-de-saude-da-familia-do-bonfim-recebe-reforma","status":"publish","type":"post","link":"https:\/\/jornaldeitaipava.com.br\/index.php\/2024\/04\/09\/unidade-de-saude-da-familia-do-bonfim-recebe-reforma\/","title":{"rendered":"Unidade de Sa\u00fade da Fam\u00edlia do Bonfim recebe reforma"},"content":{"rendered":"\n<p>A Unidade de Sa\u00fade da Fam\u00edlia do Bonfim j\u00e1 est\u00e1 reformada \u2013 uma reforma ampla, interna e externa. No \u00faltimo s\u00e1bado (6), a Prefeitura fez a cerim\u00f4nia de entrega da reforma para a comunidade.<br>Participaram do evento: o prefeito Rubens Bomtempo, secret\u00e1rios de governo, os vereadores J\u00fanior Coruja (presidente da C\u00e2mara Municipal) e Gil Magno, l\u00edderes comunit\u00e1rios, profissionais da sa\u00fade que trabalham na unidade e tamb\u00e9m os que j\u00e1 se aposentaram, mas que trabalharam no local e t\u00eam uma liga\u00e7\u00e3o afetiva com o espa\u00e7o e com a comunidade.<br>\u201cMelhoramos a qualidade do posto para prestar um servi\u00e7o melhor para a comunidade. Os profissionais v\u00e3o ter agora um local de trabalho mais adequado, e a comunidade vai ser ainda mais bem atendida. A nossa ideia \u00e9 que essa unidade esteja integrada com o Hospital Alcides Carneiro, para que o hospital cumpra cada vez mais a sua responsabilidade social. A gente tem um compromisso hist\u00f3rico com o Bonfim. No ano passado, por exemplo, n\u00f3s inauguramos aqui no bairro o Centro de Educa\u00e7\u00e3o Infantil (CEI) Therezinha de Jesus Lima, que atende 60 crian\u00e7as do ber\u00e7\u00e1rio ao terceiro per\u00edodo da educa\u00e7\u00e3o infantil\u201d, disse o prefeito Rubens Bomtempo.<\/p>\n\n\n\n<p><strong>Reforma<br><\/strong>Na parte externa, a Prefeitura fez restaura\u00e7\u00e3o da fachada, pintura, cria\u00e7\u00e3o de canteiros para embelezamento e reforma da grade externa<br>J\u00e1 na parte interna, a Prefeitura fez a pintura de toda a unidade, restaura\u00e7\u00e3o dos m\u00f3veis, revis\u00e3o da parte el\u00e9trica e hidr\u00e1ulica, troca de toalheiros e saboneteiras, coloca\u00e7\u00e3o de azulejos na sala de enfermagem para facilitar a limpeza e higiene, e adapta\u00e7\u00e3o do expurgo para garantir um ambiente mais funcional e seguro para os profissionais e pacientes.<br>\u201cEssa reforma tem muito simbolismo. Mostra a for\u00e7a do SUS (Sistema \u00danica de Sa\u00fade) e mostra a for\u00e7a da comunidade, que \u00e9 uma for\u00e7a que a gente sempre acreditou\u201d, disse o secret\u00e1rio de Sa\u00fade, Marcus Curvelo.<\/p>\n\n\n\n<p><strong>Servi\u00e7os<br><\/strong>A Unidade de Sa\u00fade da Fam\u00edlia do Bonfim \u00e9 um equipamento da Prefeitura e que conta com uma equipe multidisciplinar: m\u00e9dico, enfermeiro, t\u00e9cnico de enfermagem, dentista, auxiliar de sa\u00fade bucal, auxiliar administrativo, auxiliar de servi\u00e7os internos e externos, al\u00e9m de 5 agentes comunit\u00e1rios de sa\u00fade.<br>Servi\u00e7os realizados no local: consultas m\u00e9dicas, atendimentos de enfermagem, procedimentos odontol\u00f3gicos, vacina\u00e7\u00e3o, visitas domiciliares, orienta\u00e7\u00f5es sobre sa\u00fade preventiva, acompanhamento de pacientes cr\u00f4nicos, entre outras atividades.<\/p>\n","protected":false},"excerpt":{"rendered":"<p>A Unidade de Sa\u00fade da Fam\u00edlia do Bonfim j\u00e1 est\u00e1 reformada \u2013 uma reforma ampla,<\/p>\n","protected":false},"author":1,"featured_media":39173,"comment_status":"closed","ping_status":"open","sticky":false,"template":"","format":"standard","meta":{"spay_email":"","footnotes":"","jetpack_publicize_message":""},"categories":[2],"tags":[],"jetpack_featured_media_url":"https:\/\/i0.wp.com\/jornaldeitaipava.com.br\/wp-content\/uploads\/2024\/04\/WhatsApp-Image-2024-04-08-at-16.25.36.jpeg?fit=1599%2C1066&ssl=1","jetpack_publicize_connections":[],"jetpack_sharing_enabled":true,"jetpack_likes_enabled":true,"jetpack-related-posts":[],"_links":{"self":[{"href":"https:\/\/jornaldeitaipava.com.br\/index.php\/wp-json\/wp\/v2\/posts\/39172"}],"collection":[{"href":"https:\/\/jornaldeitaipava.com.br\/index.php\/wp-json\/wp\/v2\/posts"}],"about":[{"href":"https:\/\/jornaldeitaipava.com.br\/index.php\/wp-json\/wp\/v2\/types\/post"}],"author":[{"embeddable":true,"href":"https:\/\/jornaldeitaipava.com.br\/index.php\/wp-json\/wp\/v2\/users\/1"}],"replies":[{"embeddable":true,"href":"https:\/\/jornaldeitaipava.com.br\/index.php\/wp-json\/wp\/v2\/comments?post=39172"}],"version-history":[{"count":1,"href":"https:\/\/jornaldeitaipava.com.br\/index.php\/wp-json\/wp\/v2\/posts\/39172\/revisions"}],"predecessor-version":[{"id":39174,"href":"https:\/\/jornaldeitaipava.com.br\/index.php\/wp-json\/wp\/v2\/posts\/39172\/revisions\/39174"}],"wp:featuredmedia":[{"embeddable":true,"href":"https:\/\/jornaldeitaipava.com.br\/index.php\/wp-json\/wp\/v2\/media\/39173"}],"wp:attachment":[{"href":"https:\/\/jornaldeitaipava.com.br\/index.php\/wp-json\/wp\/v2\/media?parent=39172"}],"wp:term":[{"taxonomy":"category","embeddable":true,"href":"https:\/\/jornaldeitaipava.com.br\/index.php\/wp-json\/wp\/v2\/categories?post=39172"},{"taxonomy":"post_tag","embeddable":true,"href":"https:\/\/jornaldeitaipava.com.br\/index.php\/wp-json\/wp\/v2\/tags?post=39172"}],"curies":[{"name":"wp","href":"https:\/\/api.w.org\/{rel}","templated":true}]}}