{"id":39175,"date":"2024-04-09T09:26:15","date_gmt":"2024-04-09T12:26:15","guid":{"rendered":"http:\/\/jornaldeitaipava.com.br\/?p=39175"},"modified":"2024-04-09T09:26:21","modified_gmt":"2024-04-09T12:26:21","slug":"caminhada-azul-reune-centenas-de-pessoas-na-barao-do-rio-branco","status":"publish","type":"post","link":"https:\/\/jornaldeitaipava.com.br\/index.php\/2024\/04\/09\/caminhada-azul-reune-centenas-de-pessoas-na-barao-do-rio-branco\/","title":{"rendered":"Caminhada Azul re\u00fane centenas de pessoas na Bar\u00e3o do Rio Branco"},"content":{"rendered":"\n<p class=\"has-text-align-center\">A Avenida Bar\u00e3o do Rio Branco ficou lotada na manh\u00e3 de domingo (7)<\/p>\n\n\n\n<p>Centenas de pessoas vestidas de azul participaram da Caminhada Azul \u2013 uma iniciativa do Gaape (Grupo Amigos dos Autistas de Petr\u00f3polis) com o apoio da Prefeitura.<br>O objetivo da caminhada foi sensibilizar a popula\u00e7\u00e3o com rela\u00e7\u00e3o ao autismo: a necessidade de que todos entendam melhor as caracter\u00edsticas de quem t\u00eam essa condi\u00e7\u00e3o, para diminuir o preconceito e aumentar a integra\u00e7\u00e3o entre todo mundo \u2013 quem tem e quem n\u00e3o tem o transtorno do espectro autista (TEA).<br>&#8220;O sucesso dessa caminhada \u00e9 uma vit\u00f3ria da cidade. Ficamos muito felizes com a quantidade de gente que participou. Poder p\u00fablico e sociedade civil organizada v\u00eam conquistando vit\u00f3rias importantes nessa luta pela garantia de direitos das pessoas que t\u00eam o transtorno. Uma vit\u00f3ria recente que tivemos foi a cria\u00e7\u00e3o, pelo prefeito Rubens Bomtempo, da Secretaria da Pessoa com Defici\u00eancia, Mobilidade Reduzida e Doen\u00e7as Raras&#8221;, disse a secret\u00e1ria-chefe de Gabinete, Luciane Bomtempo, que participou da caminhada ao lado da secret\u00e1ria da Pessoa com Defici\u00eancia, Mobilidade Reduzida e Doen\u00e7as Raras, Marcia Schanuel Bastos, e da secret\u00e1ria de Educa\u00e7\u00e3o, Cec\u00edlia Pinheiro.<br>Outra vit\u00f3ria importante da cidade nessa pauta foi em mar\u00e7o, quando a Prefeitura promoveu o I Simp\u00f3sio Municipal de Autismo &#8211; TEA, que visou sensibilizar a popula\u00e7\u00e3o e profissionais sobre o tema. O evento contou com a participa\u00e7\u00e3o de cerca de 250 pessoas, al\u00e9m das que acompanharam as palestras e apresenta\u00e7\u00f5es pelo canal oficial da Prefeitura no YouTube, na transmiss\u00e3o ao vivo.<br>A Caminhada Azul no domingo faz refer\u00eancia ao Dia Mundial de Conscientiza\u00e7\u00e3o do Autismo, comemorado em 2 de abril, e tem como cor tema o azul.<br>&#8220;Petr\u00f3polis est\u00e1 integrada nas pol\u00edticas p\u00fablicas. Petr\u00f3polis sai na frente com essa caminhada. Neste ano, juntamos todas as secretarias, juntamos a Apae. Cada vez mais a gente quer que a popula\u00e7\u00e3o participe, que as pessoas entendam que n\u00e3o \u00e9 falta de educa\u00e7\u00e3o, que a crian\u00e7a autista \u00e9 sensorial, que as pessoas abracem, acolham essas m\u00e3ezinhas. Estamos avan\u00e7ando. As pol\u00edticas p\u00fablicas est\u00e3o bem interessantes para as fam\u00edlias autistas. \u00c9 uma conquista a cada passo&#8221;, disse a fundadora e coordenadora t\u00e9cnica do Gaape, M\u00e1rcia Loureiro.<\/p>\n","protected":false},"excerpt":{"rendered":"<p>A Avenida Bar\u00e3o do Rio Branco ficou lotada na manh\u00e3 de domingo (7) Centenas de<\/p>\n","protected":false},"author":1,"featured_media":39176,"comment_status":"closed","ping_status":"open","sticky":false,"template":"","format":"standard","meta":{"spay_email":"","footnotes":"","jetpack_publicize_message":""},"categories":[1],"tags":[],"jetpack_featured_media_url":"https:\/\/i0.wp.com\/jornaldeitaipava.com.br\/wp-content\/uploads\/2024\/04\/WhatsApp-Image-2024-04-08-at-14.07.11.jpeg?fit=1599%2C1066&ssl=1","jetpack_publicize_connections":[],"jetpack_sharing_enabled":true,"jetpack_likes_enabled":true,"jetpack-related-posts":[],"_links":{"self":[{"href":"https:\/\/jornaldeitaipava.com.br\/index.php\/wp-json\/wp\/v2\/posts\/39175"}],"collection":[{"href":"https:\/\/jornaldeitaipava.com.br\/index.php\/wp-json\/wp\/v2\/posts"}],"about":[{"href":"https:\/\/jornaldeitaipava.com.br\/index.php\/wp-json\/wp\/v2\/types\/post"}],"author":[{"embeddable":true,"href":"https:\/\/jornaldeitaipava.com.br\/index.php\/wp-json\/wp\/v2\/users\/1"}],"replies":[{"embeddable":true,"href":"https:\/\/jornaldeitaipava.com.br\/index.php\/wp-json\/wp\/v2\/comments?post=39175"}],"version-history":[{"count":1,"href":"https:\/\/jornaldeitaipava.com.br\/index.php\/wp-json\/wp\/v2\/posts\/39175\/revisions"}],"predecessor-version":[{"id":39177,"href":"https:\/\/jornaldeitaipava.com.br\/index.php\/wp-json\/wp\/v2\/posts\/39175\/revisions\/39177"}],"wp:featuredmedia":[{"embeddable":true,"href":"https:\/\/jornaldeitaipava.com.br\/index.php\/wp-json\/wp\/v2\/media\/39176"}],"wp:attachment":[{"href":"https:\/\/jornaldeitaipava.com.br\/index.php\/wp-json\/wp\/v2\/media?parent=39175"}],"wp:term":[{"taxonomy":"category","embeddable":true,"href":"https:\/\/jornaldeitaipava.com.br\/index.php\/wp-json\/wp\/v2\/categories?post=39175"},{"taxonomy":"post_tag","embeddable":true,"href":"https:\/\/jornaldeitaipava.com.br\/index.php\/wp-json\/wp\/v2\/tags?post=39175"}],"curies":[{"name":"wp","href":"https:\/\/api.w.org\/{rel}","templated":true}]}}