{"id":39180,"date":"2024-04-09T09:29:16","date_gmt":"2024-04-09T12:29:16","guid":{"rendered":"http:\/\/jornaldeitaipava.com.br\/?p=39180"},"modified":"2024-04-09T09:29:21","modified_gmt":"2024-04-09T12:29:21","slug":"oito-familias-ja-estao-abrigadas-em-apartamentos-da-rua-floriano-peixoto","status":"publish","type":"post","link":"https:\/\/jornaldeitaipava.com.br\/index.php\/2024\/04\/09\/oito-familias-ja-estao-abrigadas-em-apartamentos-da-rua-floriano-peixoto\/","title":{"rendered":"Oito fam\u00edlias j\u00e1 est\u00e3o abrigadas em apartamentos da Rua Floriano Peixoto"},"content":{"rendered":"\n<p>A Prefeitura entregou os apartamentos na \u00faltima semana. S\u00e3o 18 unidades que j\u00e1 est\u00e3o equipadas para receber as fam\u00edlias.<br>&#8220;Esse Centro de Acolhimento, no Centro da cidade, num pr\u00e9dio pr\u00f3prio da Prefeitura, \u00e9 uma vit\u00f3ria para Petr\u00f3polis. \u00c9 um equipamento que vai viabilizar pol\u00edticas p\u00fablicas de assist\u00eancia social no curto, no m\u00e9dio e no longo prazo&#8221;, disse o prefeito Rubens Bomtempo.<br>Os apartamentos contam com: micro-ondas, televis\u00e3o, cama, chuveiro, cozinha e banheiro privativos, janela (em todos eles) e telas de prote\u00e7\u00e3o.<br>Oito fam\u00edlias j\u00e1 est\u00e3o no pr\u00e9dio. S\u00e3o fam\u00edlias que tiveram que deixar as casas onde moram por conta das chuvas de mar\u00e7o e que, al\u00e9m disso, possuem pessoas com comorbidades.<br>&#8220;Optamos por levar fam\u00edlias com pessoas com comorbidades para o pr\u00e9dio da Floriano por ser um local central, com mais f\u00e1cil acesso a equipamentos de sa\u00fade e outros servi\u00e7os p\u00fablicos&#8221;, disse a secret\u00e1ria de Assist\u00eancia Social, Valesca Gon\u00e7alves.<br>As fam\u00edlias que est\u00e3o abrigadas no pr\u00e9dio da Floriano Peixoto recebem da Prefeitura 5 refei\u00e7\u00f5es di\u00e1rias (caf\u00e9, alomo\u00e7o, lanche da tarde, janta e ceia).<\/p>\n\n\n\n<p><strong>Nova secret\u00e1ria<br><\/strong>A nova secret\u00e1ria de Assist\u00eancia Social, Valesca Gon\u00e7alces, foi anunciada pelo prefeito Rubens Bomtempo na sexta-feira (5), durante visita aos apartamentos do pr\u00e9dio da Floriano.<\/p>\n","protected":false},"excerpt":{"rendered":"<p>A Prefeitura entregou os apartamentos na \u00faltima semana. S\u00e3o 18 unidades que j\u00e1 est\u00e3o equipadas<\/p>\n","protected":false},"author":1,"featured_media":39181,"comment_status":"closed","ping_status":"open","sticky":false,"template":"","format":"standard","meta":{"spay_email":"","footnotes":"","jetpack_publicize_message":""},"categories":[2],"tags":[],"jetpack_featured_media_url":"https:\/\/i1.wp.com\/jornaldeitaipava.com.br\/wp-content\/uploads\/2024\/04\/WhatsApp-Image-2024-04-08-at-11.54.33.jpeg?fit=1600%2C1066&ssl=1","jetpack_publicize_connections":[],"jetpack_sharing_enabled":true,"jetpack_likes_enabled":true,"jetpack-related-posts":[],"_links":{"self":[{"href":"https:\/\/jornaldeitaipava.com.br\/index.php\/wp-json\/wp\/v2\/posts\/39180"}],"collection":[{"href":"https:\/\/jornaldeitaipava.com.br\/index.php\/wp-json\/wp\/v2\/posts"}],"about":[{"href":"https:\/\/jornaldeitaipava.com.br\/index.php\/wp-json\/wp\/v2\/types\/post"}],"author":[{"embeddable":true,"href":"https:\/\/jornaldeitaipava.com.br\/index.php\/wp-json\/wp\/v2\/users\/1"}],"replies":[{"embeddable":true,"href":"https:\/\/jornaldeitaipava.com.br\/index.php\/wp-json\/wp\/v2\/comments?post=39180"}],"version-history":[{"count":1,"href":"https:\/\/jornaldeitaipava.com.br\/index.php\/wp-json\/wp\/v2\/posts\/39180\/revisions"}],"predecessor-version":[{"id":39182,"href":"https:\/\/jornaldeitaipava.com.br\/index.php\/wp-json\/wp\/v2\/posts\/39180\/revisions\/39182"}],"wp:featuredmedia":[{"embeddable":true,"href":"https:\/\/jornaldeitaipava.com.br\/index.php\/wp-json\/wp\/v2\/media\/39181"}],"wp:attachment":[{"href":"https:\/\/jornaldeitaipava.com.br\/index.php\/wp-json\/wp\/v2\/media?parent=39180"}],"wp:term":[{"taxonomy":"category","embeddable":true,"href":"https:\/\/jornaldeitaipava.com.br\/index.php\/wp-json\/wp\/v2\/categories?post=39180"},{"taxonomy":"post_tag","embeddable":true,"href":"https:\/\/jornaldeitaipava.com.br\/index.php\/wp-json\/wp\/v2\/tags?post=39180"}],"curies":[{"name":"wp","href":"https:\/\/api.w.org\/{rel}","templated":true}]}}