{"id":39183,"date":"2024-04-09T09:41:35","date_gmt":"2024-04-09T12:41:35","guid":{"rendered":"http:\/\/jornaldeitaipava.com.br\/?p=39183"},"modified":"2024-04-09T09:41:47","modified_gmt":"2024-04-09T12:41:47","slug":"instituto-ama-leitura-e-centro-cultural-feso-pro-arte-realizam-o-i-seminario-ama-leitura-de-literatura-infantojuvenil-em-teresopolis","status":"publish","type":"post","link":"https:\/\/jornaldeitaipava.com.br\/index.php\/2024\/04\/09\/instituto-ama-leitura-e-centro-cultural-feso-pro-arte-realizam-o-i-seminario-ama-leitura-de-literatura-infantojuvenil-em-teresopolis\/","title":{"rendered":"Instituto AMA Leitura e Centro Cultural Feso Pro Arte realizam o I Semin\u00e1rio AMA Leitura, de Literatura Infantojuvenil, em Teres\u00f3polis"},"content":{"rendered":"\n<p>Com o tema \u201cComo trabalhar a literatura Infantojuvenil em tempos de intoler\u00e2ncia\u201d, semin\u00e1rio contar\u00e1 com a presen\u00e7a de nomes importantes do setor como os autores de Teres\u00f3polis vencedores do Pr\u00eamio Jabuti, Fl\u00e1vio Carneiro e Fl\u00e1via Savary<br>Evento ser\u00e1 destinado a profissionais da Educa\u00e7\u00e3o e do livro, assim como produtores culturais, estudantes e interessados pela leitura e forma\u00e7\u00e3o de novos leitores<br>Nos dias 12 e 13 de abril, a cidade de Teres\u00f3polis receber\u00e1 o I Semin\u00e1rio AMA Leitura, promovido pelo Centro Cultural Feso Pro Arte e Instituto AMA Leitura. Com o tema \u201cComo trabalhar a literatura Infantojuvenil em tempos de intoler\u00e2ncia\u201d, o evento ir\u00e1 homenagear importantes nomes do setor, como Fl\u00e1vio Carneiro e Fl\u00e1via Savary, vencedores do Pr\u00eamio Jabuti de 2021 e 2015 respectivamente, al\u00e9m de editores, escritores e ilustradores para rodas de conversa, reflex\u00f5es liter\u00e1rias e oficinas de cria\u00e7\u00e3o.<br>O Semin\u00e1rio tem vagas limitadas e \u00e9 destinado a educadores, pedagogos, psic\u00f3logos, escritores, ilustradores, editores, bibliotec\u00e1rios, mediadores de leitura, contadores de hist\u00f3rias, profissionais do livro, produtores culturais, estudantes, interessados pela leitura e pela forma\u00e7\u00e3o de novos leitores. As inscri\u00e7\u00f5es estar\u00e3o abertas a partir do dia 2 de mar\u00e7o e ter\u00e1 valor colaborativo de R$40 \u2013 que se inscrever receber\u00e1 o livro \u201cA lenda do Poeter\u00ea\u201d e certificado com carga hor\u00e1ria de participa\u00e7\u00e3o.<br>A programa\u00e7\u00e3o inicia no dia 12 de abril, sexta-feira, com o cerimonial de abertura do evento e apresenta\u00e7\u00e3o do presidente do Conselho do Centro Cultural Feso Pro Arte, Dr. Jorge Bragan\u00e7a, da diretora do Centro Cultural Feso Pro Arte, Edenise Antas e da diretora do Instituto AMA Leitura, Ana Maria de Andrade. Al\u00e9m do espet\u00e1culo musical Pro Arte UFRJ, haver\u00e1 uma homenagem aos autores de Teres\u00f3polis vencedores do Pr\u00eamio Jabuti \u2013 mais tradicional premia\u00e7\u00e3o liter\u00e1ria do Brasil \u2013 Fl\u00e1vio Carneiro e Flavia Savary. O primeiro dia do Semin\u00e1rio encerra com a participa\u00e7\u00e3o dos escritores na roda de conversa \u201cO papel do educador no est\u00edmulo \u00e0 leitura liter\u00e1ria\u201d.<br>No dia 13 de abril, s\u00e1bado, a programa\u00e7\u00e3o inclui as mesas \u201cPanorama: A Leitura no Brasil e a Lei 12.244\/10\u201d, com Edenise Antas e Ana Maria de Andrade; \u201cEduca\u00e7\u00e3o socioemocional e Literatura Infantojuvenil\u201d, com o editor premiado e professor Jos\u00e9 Prado; \u201cQuando e como trabalhar temas sens\u00edveis e o respeito \u00e0 diversidade a partir da literatura infantojuvenil?\u201d, com a autora Cristina Villa\u00e7a; \u201cQuais os caminhos para a educa\u00e7\u00e3o antirracista e a presen\u00e7a da literatura negra nas escolas?\u201d, com a escritora e curadora da FLUP Simone Mota; e \u201cConstruir ou desconstruir estere\u00f3tipos a partir das imagens nos livros infantojuvenis?\u201d, com o ilustrador Marcelo Pimentel.<br>Na parte da tarde, o evento segue com oficinas liter\u00e1rias de conta\u00e7\u00e3o de hist\u00f3ria, escrita criativa, livro autoral e ilustra\u00e7\u00e3o. O Caf\u00e9 Teatro Filos\u00f3fico encerra o dia com esquete teatral e mesa liter\u00e1ria e podcast \u201cO feminino na obra de Shakespeare \u2013 sob a perspectiva na inf\u00e2ncia e na juventude\u201d. Confira a programa\u00e7\u00e3o completa abaixo.<br>Na ocasi\u00e3o, tamb\u00e9m ser\u00e1 lan\u00e7ado o I Pr\u00eamio Educador AMA Leitura Feso Pro Arte, al\u00e9m de serem apresentadas as a\u00e7\u00f5es liter\u00e1rias para o ano de 2024 do Centro Cultural Feso Pro Arte e do Instituto AMA Leitura.<\/p>\n\n\n\n<p>PROGRAMA\u00c7\u00c3O COMPLETA<br>Inscri\u00e7\u00f5es: at\u00e9 10 de abril de 2024<br>Link: https:\/\/l1nk.dev\/seminarioamaleitura<\/p>\n\n\n\n<p>12 de abril, sexta-feira<br>18h \u2013 Cerimonial de abertura<br>Dr. Jorge Bragan\u00e7a \u2013 presidente do Conselho do Centro Cultural Feso Pro Arte<br>Edenise Antas \u2013 diretora do Centro Cultural Feso Pro Arte<br>Ana Maria de Andrade \u2013 diretora do Instituto AMA Leitura<\/p>\n\n\n\n<p>18h30 \u2013 Espet\u00e1culo musical Pro Arte UFRJ<br>19h &#8211; Homenagem aos autores de Teres\u00f3polis vencedores do Pr\u00eamio Jabuti<\/p>\n\n\n\n<p>Fl\u00e1vio Carneiro<br>Escritor, cr\u00edtico liter\u00e1rio, roteirista e professor titular de Literatura Brasileira da Universidade do Estado do Rio de Janeiro (UERJ), publicou v\u00e1rios livros, em g\u00eaneros diversos: romances, contos, cr\u00f4nicas, novelas infantojuvenis, ensaios liter\u00e1rios e dois roteiros para cinema. Recebeu diversos reconhecimentos e pr\u00eamios, entre eles: Pr\u00eamio Jabuti (1\u00ba lugar) &#8211; Categoria Cr\u00f4nicas 2021, com o livro Hist\u00f3rias ao Redor (Vit\u00f3ria: Cousa, 2020); Pr\u00eamio Jabuti (3\u00ba lugar) &#8211; Categoria Juvenil 2009 e Pr\u00eamio de Altamente Recomend\u00e1vel para o Jovem (FNLIJ) 2009, com o romance A dist\u00e2ncia das coisas (S\u00e3o Paulo: SM, 2008); 3\u00ba Pr\u00eamio Barco a Vapor 2007, com o romance A dist\u00e2ncia das coisas. Recentemente, seu livro Paisagem com segredo (Curitiba: Maralto, 2021), recebeu o selo C\u00e1tedra 10, da C\u00e1tedra UNESCO de Leitura\/PUC-Rio. Parte de sua obra foi publicada em outros pa\u00edses, como Portugal, M\u00e9xico, Col\u00f4mbia, Alemanha, It\u00e1lia, EUA. Seu livro mais recente \u00e9 o infantojuvenil A mais bela hist\u00f3ria de todos os tempos (Curitiba: Maralto, 2023).<br>www.flaviocarneiro.jiap.com.br<br>@setefmc<\/p>\n\n\n\n<p>Fl\u00e1via Savary<br>Graduada em Letras pela Universidade Federal do Rio de Janeiro. Trabalha com Literatura Infantojuvenil desde 1979, ministrando palestras sobre o tema pelo pa\u00eds. Ganhou cerca de 80 pr\u00eamios liter\u00e1rios em todos os g\u00eaneros. Participou de v\u00e1rias coletivas com seu trabalho de ilustradora e artista pl\u00e1stica, no Brasil e no exterior. Tem poemas, contos, romances e pe\u00e7as teatrais, em obras voltadas para adultos e crian\u00e7as, publicadas em mais de 40 antologias, al\u00e9m de ter textos seus levados ao palco dentro e fora do pa\u00eds. Durante cinco anos contribuiu com cr\u00f4nicas mensais para a revista Cidade Nova. Em 2015 recebeu o 2\u00ba lugar do Pr\u00eamio Jabuti, categoria infantil, com o livro A roupa nova do arco-da-velha, onde as ilustra\u00e7\u00f5es homenageiam seu pai, Jaguar, cartunista e cofundador do jornal O Pasquim. Em 2018 recebeu nova indica\u00e7\u00e3o ao Jabuti, dessa vez na categoria juvenil.<br>www.flaviasavary.com.br<br>19h30 &#8211; Roda de Conversa: O papel do educador no est\u00edmulo \u00e0 leitura liter\u00e1ria<br>Convidados: Fl\u00e1vio Carneiro e Fl\u00e1via Savary<br>Media\u00e7\u00e3o: Ana Maria de Andrade<br>Escritora e ilustradora de Literatura Infantil desde 2003, com mais de vinte livros publicados. Algumas de suas obras foram selecionadas para programas de leitura em diversos estados brasileiros e cidades de Portugal. \u00c9 jornalista graduada em Comunica\u00e7\u00e3o Social (FACHA\/RJ), professora especialista em Educa\u00e7\u00e3o Montessoriana (ABEM\/RJ) e Arte-Educa\u00e7\u00e3o, gestora de projetos de leitura com forma\u00e7\u00e3o em Gest\u00e3o Empresarial (UCAM\/RJ) e Gest\u00e3o com Pessoas (FGV\/RJ). Alguns de seus trabalhos receberam pr\u00eamios como o Trof\u00e9u Tiradentes 2016, da Academia Teresopolitana de Letras, e o Pr\u00eamio Ser Humano 2014, da Associa\u00e7\u00e3o Brasileira de Recursos Humanos. Por seu livro A cidade de Teresa, em edi\u00e7\u00e3o bil\u00edngue, portugu\u00eas e italiano, recebeu a Medalha Teresa Cristina 2022 da Secretaria Municipal de Cultura de Teres\u00f3polis e o Pr\u00eamio Conectando Saberes 2022 da Funda\u00e7\u00e3o Lemann. Ganhou men\u00e7\u00e3o honrosa no Pr\u00eamio UFF de Literatura 2014 (RJ) e finalista do Pr\u00eamio Sesc Distrito Federal (Bras\u00edlia), categoria cr\u00f4nica. Ocupa a cadeira Machado de Assis na Academia Teresopolitana de Letras.<br>www.anamariadeandrade.com<br>@anaandradeescritora<\/p>\n\n\n\n<p>21h \u2013 Encerramento<\/p>\n\n\n\n<p>13 de abril, s\u00e1bado<br>8h \u2013 Cadastramento<br>8h30 \u2013 A Leitura no Brasil e a Lei 12.244\/10 | Edenise Antas e Ana Maria de Andrade<br>9h &#8211; Reflex\u00f5es Liter\u00e1rias e viv\u00eancias em sala de aula<br>Tema 1: Educa\u00e7\u00e3o socioemocional e Literatura Infantojuvenil<\/p>\n\n\n\n<p>Jos\u00e9 Prado<br>Professor de L\u00edngua Portuguesa e Literaturas, editor e pesquisador, ministra forma\u00e7\u00e3o em LIJ e Media\u00e7\u00e3o de Leitura. Formado em Letras, com especializa\u00e7\u00e3o em Literatura Infantil e Juvenil (UFRJ) e Teoria da Literatura (UERJ). Tem em seu curr\u00edculo edi\u00e7\u00f5es de livros ganhadores de selos e pr\u00eamios como: Mist\u00e9rio em Queluz (Imperial Novo Mil\u00eanio, 2022), de Rosa Amanda Strausz, finalista do Pr\u00eamio Jabuti 2022, categoria juvenil; Sylvia Orthof: um ramalhete de hist\u00f3rias (Bambol\u00ea, 2017), ensaios e depoimentos, selecionado para o Cat\u00e1logo da Funda\u00e7\u00e3o Nacional do Livro Infantil e Juvenil (FNLIJ) da Feira de Bolonha 2018; Selo Altamente Recomend\u00e1vel FNLIJ e Pr\u00eamio Uni\u00e3o Brasileira de Escritores (UBE), categoria ensaio, 3\u00ba lugar; O ninho do cora\u00e7\u00e3o (Imperial Novo Mil\u00eanio, 2018), de Ana Maria de Andrade, e Voc\u00ea viu o meu bolo?, de Rosinha (Imperial Novo Mil\u00eanio, 2021), selecionados para o PNLD 2022 (Programa Nacional do Livro e Material Did\u00e1tico\/Minist\u00e9rio da Educa\u00e7\u00e3o MEC). Criador e curador do Sarau Jequitib\u00e1 de Poesia e contador de hist\u00f3rias.<br>@aloprado01<\/p>\n\n\n\n<p>Tema 2: Quando e como trabalhar temas sens\u00edveis e o respeito \u00e0 diversidade a partir da iteratura infantojuvenil ?<br>Cristina Villa\u00e7a<br>Escritora e professora de Literatura. Atua como narradora de hist\u00f3rias desde 1990 em escolas, parques, bibliotecas, teatros e livrarias. Em teatro, trabalhou como atriz e produtora. Formada em Letras, \u00e9 mestra em Literatura Brasileira e especialista em Literatura Infantil e Juvenil. \u00c9 tamb\u00e9m especialista em Arteterapia e facilitadora de SoulCollage\u00ae. Publicou v\u00e1rios livros para crian\u00e7as, jovens e educadores. Algumas de suas obras receberam pr\u00eamios como o Altamente Recomend\u00e1vel, da FNLIJ (Funda\u00e7\u00e3o Nacional do Livro Infantil e Juvenil), e o Selo C\u00e1tedra UNESCO de Leitura (PUC-Rio). Tem v\u00e1rios t\u00edtulos selecionados em Programas de Leitura em diversos estados brasileiros. Foi moradora de Teres\u00f3polis, co-fundadora da Companhia Malasartes de Teatro e autora do projeto Trem de Hist\u00f3rias de conta\u00e7\u00e3o de hist\u00f3rias e est\u00edmulo \u00e0 leitura, realizado por v\u00e1rios anos na Biblioteca Municipal de Teres\u00f3polis.<br>@cristinavillaca<br>www.cristinavillaca.com<\/p>\n\n\n\n<p>Tema 3: Quais os caminhos para a educa\u00e7\u00e3o antirracista e a presen\u00e7a da literatura negra nas escolas?<br>Com Simone Mota<br>Simone Mota \u00e9 escritora, roteirista e curadora de projetos culturais. Como escritora de livros de Literatura Infantojuvenil, publicou recentemente o livro Si le singe fait des singeries (Six Citron Acides), Carolayne, Carolina e as hist\u00f3rias do di\u00e1rio da menina (Editora Mal\u00ea), P\u00eacheur d\u2019avril (Six Citron Acides) e Frederico, Frederico\u2026 (Editora do Brasil), vencedor do Pr\u00eamio Selo C\u00e1tedra UNESCO de Leitura (PUCRio). \u00c9 tamb\u00e9m autora do livro Que cabelo \u00e9 esse, Bela? (Editora do Brasil), para o qual produziu e roteirizou um book trailer. No audiovisual, colabora com o roteiro de um longa-metragem baseado no livro Quarto de Despejo, de Carolina Maria de Jesus, fez pesquisa audiovisual para duas s\u00e9ries (ainda sob sigilo) e para o document\u00e1rio Lobby do Batom (GNT). \u00c9 uma das roteiristas do document\u00e1rio Quadro Negro e j\u00fari de pr\u00eamios de roteiros e argumentos para o audiovisual como o Lab Novas Hist\u00f3rias e o Cab\u00edria. Realizou por cinco anos consecutivos a Festa Liter\u00e1ria de Maca\u00e9 (FLIM) e, desde 2022, est\u00e1 na curadoria da programa\u00e7\u00e3o infantil da FLUP, Festa Liter\u00e1ria das Periferias (RJ).<br>@sismota.solo<\/p>\n\n\n\n<p>Tema 4: Construir ou desconstruir estere\u00f3tipos a partir das imagens nos livros infantojuvenis?<br>Com Marcelo Pimentel<br>Ilustrador e designer gr\u00e1fico formado pela Escola de Belas-Artes da UFRJ, ilustrou mais de trinta livros para crian\u00e7as e jovens, sempre inspirados no encantamento das lendas e dos contos populares. Dois deles s\u00e3o livros de imagem, hist\u00f3rias sem texto: A flor do mato (2018) e O fim da fila (2011) \u2013 este publicado em v\u00e1rios pa\u00edses e adaptado para o cinema de anima\u00e7\u00e3o. Suas ilustra\u00e7\u00f5es foram expostas no Brasil e no exterior e receberam o Selo Altamente Recomend\u00e1vel da FNLIJ, Funda\u00e7\u00e3o Nacional do Livro Infantil e Juvenil, e a men\u00e7\u00e3o The White Ravens da Biblioteca Internacional da Juventude, em Munique. Entre seus pr\u00eamios, destaca-se o Grand Prix do Nami Concours (2015), concurso internacional para livros ilustrados sediado na Coreia do Sul. Sendo ilustra\u00e7\u00e3o e escrita linguagens potencialmente narrativas, surgiu o desejo de express\u00e3o tamb\u00e9m pela palavra, resultando numa s\u00e9rie de contos fant\u00e1sticos. Um deles, Cabelos brancos, foi finalista do Pr\u00eamio Off Flip 2023.<br>@marcelopimentelilustra<br>marcelopimentel-rj.blogspot<\/p>\n\n\n\n<p>11h \u2013 Roda de Conversa<br>Troca de experi\u00eancias entre os participantes das mesas de reflex\u00e3o liter\u00e1ria e conclus\u00f5es coletivas.<br>12h \u2013 Almo\u00e7o | Exposi\u00e7\u00e3o e venda de livros de autoria dos palestrantes convidados e autores de Teres\u00f3polis | Sess\u00e3o de aut\u00f3grafos | Viv\u00eancia l\u00fadica: A Import\u00e2ncia do Brincar.<br>14h \u2013 Sensibiliza\u00e7\u00e3o po\u00e9tica<br>Centro de Dan\u00e7a Attitude \u2013 Ballet Feso Pro Arte<br>14h30 \u00e0s 17h \u2013 Oficinas liter\u00e1rias | Pr\u00e1ticas em sala de aula<\/p>\n\n\n\n<p>Oficina 1 \u2013 Conta\u00e7\u00e3o de hist\u00f3ria | Jos\u00e9 Prado &#8211; Como contar hist\u00f3rias e encantar seu p\u00fablico?<\/p>\n\n\n\n<p>Oficina 2 \u2013 Escrita criativa | Cristina Villa\u00e7a &#8211; Como estimular a escrita criativa e divertida a partir da literatura?<\/p>\n\n\n\n<p>Oficina 3 \u2013 Livro autoral | Simone Mota &#8211; Como produzir livros com crian\u00e7as e jovens?<\/p>\n\n\n\n<p>Oficina 4 \u2013 Ilustra\u00e7\u00e3o | Marcelo Pimentel &#8211; Como trabalhar com a leitura do livro de imagem?<\/p>\n\n\n\n<p>17h \u2013 A\u00e7\u00f5es pela Leitura 2024<br>Edenise Antas e Ana Maria de Andrade<br>Apresenta\u00e7\u00e3o do curso em Literatura Infantil e Juvenil AMA Leitura Feso Pro Arte;<\/p>\n\n\n\n<p>Lan\u00e7amento do I Pr\u00eamio Educador AMA Leitura Feso Pro Arte;<\/p>\n\n\n\n<p>Convite para a I Feira do Livro Infantojuvenil e da Cultura de Teres\u00f3polis &#8211; Centro Cultural Feso Pro Arte e Instituto AMA Leitura.<\/p>\n\n\n\n<p>17h30 \u2013 Ch\u00e1 das Cinco<br>Interven\u00e7\u00e3o Liter\u00e1ria<br>18h30 \u2013 Caf\u00e9 Teatro Filos\u00f3fico<\/p>\n\n\n\n<p>Esquete teatral<br>Mesa liter\u00e1ria e podcast: O feminino na obra de Shakespeare \u2013 sob a perspectiva na inf\u00e2ncia e na juventude. Media\u00e7\u00e3o: Dr. Jorge Bragan\u00e7a<br>Convidados: Ana Maria de Andrade, Cristina Villa\u00e7a, Jos\u00e9 Prado, Marcelo Pimentel e Simone Mota.<br>20h30 \u2013 Encerramento<\/p>\n","protected":false},"excerpt":{"rendered":"<p>Com o tema \u201cComo trabalhar a literatura Infantojuvenil em tempos de intoler\u00e2ncia\u201d, semin\u00e1rio contar\u00e1 com<\/p>\n","protected":false},"author":1,"featured_media":39184,"comment_status":"closed","ping_status":"open","sticky":false,"template":"","format":"standard","meta":{"spay_email":"","footnotes":"","jetpack_publicize_message":""},"categories":[5],"tags":[],"jetpack_featured_media_url":"https:\/\/i0.wp.com\/jornaldeitaipava.com.br\/wp-content\/uploads\/2024\/04\/PRO-ARTE-I-SEMINARIO-DE-LITERATURA-INFANTO-JUVENIL-e-mail-marketing-scaled.jpg?fit=2560%2C1280&ssl=1","jetpack_publicize_connections":[],"jetpack_sharing_enabled":true,"jetpack_likes_enabled":true,"jetpack-related-posts":[],"_links":{"self":[{"href":"https:\/\/jornaldeitaipava.com.br\/index.php\/wp-json\/wp\/v2\/posts\/39183"}],"collection":[{"href":"https:\/\/jornaldeitaipava.com.br\/index.php\/wp-json\/wp\/v2\/posts"}],"about":[{"href":"https:\/\/jornaldeitaipava.com.br\/index.php\/wp-json\/wp\/v2\/types\/post"}],"author":[{"embeddable":true,"href":"https:\/\/jornaldeitaipava.com.br\/index.php\/wp-json\/wp\/v2\/users\/1"}],"replies":[{"embeddable":true,"href":"https:\/\/jornaldeitaipava.com.br\/index.php\/wp-json\/wp\/v2\/comments?post=39183"}],"version-history":[{"count":1,"href":"https:\/\/jornaldeitaipava.com.br\/index.php\/wp-json\/wp\/v2\/posts\/39183\/revisions"}],"predecessor-version":[{"id":39185,"href":"https:\/\/jornaldeitaipava.com.br\/index.php\/wp-json\/wp\/v2\/posts\/39183\/revisions\/39185"}],"wp:featuredmedia":[{"embeddable":true,"href":"https:\/\/jornaldeitaipava.com.br\/index.php\/wp-json\/wp\/v2\/media\/39184"}],"wp:attachment":[{"href":"https:\/\/jornaldeitaipava.com.br\/index.php\/wp-json\/wp\/v2\/media?parent=39183"}],"wp:term":[{"taxonomy":"category","embeddable":true,"href":"https:\/\/jornaldeitaipava.com.br\/index.php\/wp-json\/wp\/v2\/categories?post=39183"},{"taxonomy":"post_tag","embeddable":true,"href":"https:\/\/jornaldeitaipava.com.br\/index.php\/wp-json\/wp\/v2\/tags?post=39183"}],"curies":[{"name":"wp","href":"https:\/\/api.w.org\/{rel}","templated":true}]}}