{"id":39186,"date":"2024-04-09T09:42:49","date_gmt":"2024-04-09T12:42:49","guid":{"rendered":"http:\/\/jornaldeitaipava.com.br\/?p=39186"},"modified":"2024-04-09T09:42:56","modified_gmt":"2024-04-09T12:42:56","slug":"petropolis-ganha-o-dia-municipal-das-unidades-de-conservacao","status":"publish","type":"post","link":"https:\/\/jornaldeitaipava.com.br\/index.php\/2024\/04\/09\/petropolis-ganha-o-dia-municipal-das-unidades-de-conservacao\/","title":{"rendered":"Petr\u00f3polis ganha o Dia Municipal das Unidades de Conserva\u00e7\u00e3o"},"content":{"rendered":"\n<p>De acordo com a Lei 8.740\/24, recentemente sancionada, Petr\u00f3polis passa ter o Dia Municipal das Unidades de Conserva\u00e7\u00e3o, que ser\u00e1 comemorado anualmente no dia 18 de julho. A iniciativa \u00e9 do vereador Gil Magno.<br>Gil explica que o 18 de julho \u00e9 o dia em que foi institu\u00eddo o SNUC. \u201cO Sistema Nacional de Unidades de Conserva\u00e7\u00e3o da Natureza (SNUC) serve para garantir a preserva\u00e7\u00e3o da diversidade biol\u00f3gica, promover o desenvolvimento sustent\u00e1vel a partir dos recursos naturais e fazer a prote\u00e7\u00e3o das comunidades tradicionais, seus conhecimentos e cultura\u201d, destaca o vereador.<br>O munic\u00edpio de Petr\u00f3polis destaca-se pela grande quantidade de unidades de conserva\u00e7\u00e3o (UCs) inseridas em seu territ\u00f3rio, as quais desempenham um papel importante na gest\u00e3o dos remanescentes florestais do bioma Mata Atl\u00e2ntica. S\u00e3o 22 unidades de conserva\u00e7\u00e3o inseridas no munic\u00edpio de Petr\u00f3polis, destas 17 est\u00e3o integralmente localizadas dentro dos limites do munic\u00edpio.<br>Al\u00e9m disso, essas unidades contribuem de maneira fundamental no planejamento da ocupa\u00e7\u00e3o populacional, considerando as complexas quest\u00f5es socioambientais envolvidas.<br>Recentemente, Petr\u00f3polis foi declarada atrav\u00e9s da Lei Estadual 10.082\/23 como a \u201cCapital Estadual das Unidades de Conserva\u00e7\u00e3o\u201d, com o intuito de favorecer o turismo de aventura, geoturismo e o montanhismo, patrim\u00f4nio Cultural imaterial da cidade. A Lei garante o desenvolvimento de a\u00e7\u00f5es de conserva\u00e7\u00e3o, educa\u00e7\u00e3o Ambiental, redu\u00e7\u00e3o de risco e ecoturismo.<\/p>\n","protected":false},"excerpt":{"rendered":"<p>De acordo com a Lei 8.740\/24, recentemente sancionada, Petr\u00f3polis passa ter o Dia Municipal das<\/p>\n","protected":false},"author":1,"featured_media":39187,"comment_status":"closed","ping_status":"open","sticky":false,"template":"","format":"standard","meta":{"spay_email":"","footnotes":"","jetpack_publicize_message":""},"categories":[2],"tags":[],"jetpack_featured_media_url":"https:\/\/i2.wp.com\/jornaldeitaipava.com.br\/wp-content\/uploads\/2024\/04\/WhatsApp-Image-2024-04-08-at-14.54.51.jpeg?fit=1600%2C1066&ssl=1","jetpack_publicize_connections":[],"jetpack_sharing_enabled":true,"jetpack_likes_enabled":true,"jetpack-related-posts":[],"_links":{"self":[{"href":"https:\/\/jornaldeitaipava.com.br\/index.php\/wp-json\/wp\/v2\/posts\/39186"}],"collection":[{"href":"https:\/\/jornaldeitaipava.com.br\/index.php\/wp-json\/wp\/v2\/posts"}],"about":[{"href":"https:\/\/jornaldeitaipava.com.br\/index.php\/wp-json\/wp\/v2\/types\/post"}],"author":[{"embeddable":true,"href":"https:\/\/jornaldeitaipava.com.br\/index.php\/wp-json\/wp\/v2\/users\/1"}],"replies":[{"embeddable":true,"href":"https:\/\/jornaldeitaipava.com.br\/index.php\/wp-json\/wp\/v2\/comments?post=39186"}],"version-history":[{"count":1,"href":"https:\/\/jornaldeitaipava.com.br\/index.php\/wp-json\/wp\/v2\/posts\/39186\/revisions"}],"predecessor-version":[{"id":39188,"href":"https:\/\/jornaldeitaipava.com.br\/index.php\/wp-json\/wp\/v2\/posts\/39186\/revisions\/39188"}],"wp:featuredmedia":[{"embeddable":true,"href":"https:\/\/jornaldeitaipava.com.br\/index.php\/wp-json\/wp\/v2\/media\/39187"}],"wp:attachment":[{"href":"https:\/\/jornaldeitaipava.com.br\/index.php\/wp-json\/wp\/v2\/media?parent=39186"}],"wp:term":[{"taxonomy":"category","embeddable":true,"href":"https:\/\/jornaldeitaipava.com.br\/index.php\/wp-json\/wp\/v2\/categories?post=39186"},{"taxonomy":"post_tag","embeddable":true,"href":"https:\/\/jornaldeitaipava.com.br\/index.php\/wp-json\/wp\/v2\/tags?post=39186"}],"curies":[{"name":"wp","href":"https:\/\/api.w.org\/{rel}","templated":true}]}}