{"id":39189,"date":"2024-04-09T09:44:15","date_gmt":"2024-04-09T12:44:15","guid":{"rendered":"http:\/\/jornaldeitaipava.com.br\/?p=39189"},"modified":"2024-04-09T09:44:24","modified_gmt":"2024-04-09T12:44:24","slug":"camara-aprova-regulamentacao-de-cirurgias-bariatricas-no-municipio","status":"publish","type":"post","link":"https:\/\/jornaldeitaipava.com.br\/index.php\/2024\/04\/09\/camara-aprova-regulamentacao-de-cirurgias-bariatricas-no-municipio\/","title":{"rendered":"C\u00e2mara aprova regulamenta\u00e7\u00e3o de cirurgias bari\u00e1tricas no munic\u00edpio"},"content":{"rendered":"\n<p>A C\u00e2mara Municipal aprovou na sess\u00e3o desta quarta-feira (03), um projeto de lei do vereador Dudu que normatiza as diretrizes da preven\u00e7\u00e3o e do tratamento dos pacientes com sobrepeso e obesidade em Petr\u00f3polis e, ainda, regulamenta as cirurgias bari\u00e1tricas no servi\u00e7o p\u00fablico de sa\u00fade, de acordo com as Portarias 424 e 425 publicadas pelo Minist\u00e9rio da Sa\u00fade em 2013.<br>Uma pessoa \u00e9 considerada obesa quando o \u00cdndice de Massa Corporal (IMC) \u00e9 superior a 30 kg\/m2. Este valor \u00e9 obtido dividindo o peso da pessoa pelo quadrado da sua altura. A obesidade aumenta a probabilidade da ocorr\u00eancia de v\u00e1rias doen\u00e7as, em particular de doen\u00e7as cardiovasculares, diabetes do tipo 2, apneia de sono, alguns tipos de cancro e osteoartrite.<br>O projeto destaca que o tratamento cir\u00fargico \u00e9 apenas parte de um tratamento integral da obesidade, que \u00e9 prioritariamente baseado na promo\u00e7\u00e3o da sa\u00fade e no cuidado cl\u00ednico. A cirurgia \u00e9 indicada apenas em alguns casos, incluindo indiv\u00edduos que apresentem IMC 50 Kg\/m2; indiv\u00edduos com IMC acima de 40 Kg\/m\u00b2, por\u00e9m sem sucesso em tratamentos cl\u00ednicos, por no m\u00ednimo dois anos; ou ainda indiv\u00edduos com IMC maior que 35 kg\/m2 com comorbidades e sem sucesso em tratamento cl\u00ednico realizado por dois anos e que tenham seguido todos os protocolos cl\u00ednicos propostos.<br>O tratamento cl\u00ednico para esses pacientes, antes da cirurgia, inclui orienta\u00e7\u00e3o e apoio para mudan\u00e7a de h\u00e1bitos, realiza\u00e7\u00e3o de dieta, aten\u00e7\u00e3o psicol\u00f3gica, prescri\u00e7\u00e3o de atividade f\u00edsica e, se necess\u00e1rio, farmacoterapia, sempre realizado na Aten\u00e7\u00e3o B\u00e1sica ou na Aten\u00e7\u00e3o Ambulatorial Especializada.<br>-Para realizar uma cirurgia desse porte, o indiv\u00edduo deve compreender todos os aspectos do tratamento e assumir todos os compromissos pr\u00e9-operat\u00f3rios e p\u00f3s-operat\u00f3rios-, explica Dudu. \u201cTem que ter um compromisso consciente do paciente em participar de todas as etapas da programa\u00e7\u00e3o, com avalia\u00e7\u00e3o psicol\u00f3gica, nutricional, cl\u00ednica, cardiol\u00f3gica, endocrinol\u00f3gica, pulmonar, gastroenterol\u00f3gica e anest\u00e9sica\u201d, completa o vereador.<br>O projeto aprovado detalha quais s\u00e3o as contraindica\u00e7\u00f5es para a cirurgia bari\u00e1trica e as indica\u00e7\u00f5es para a cirurgia pl\u00e1stica reparadora. O texto tamb\u00e9m lembra que a obesidade \u00e9 uma das principais causas da morte evit\u00e1veis em todo o mundo, com taxas de preval\u00eancia cada vez maiores em adultos e em crian\u00e7as. \u00c9 considerada pelas autoridades um dos mais graves problemas de sa\u00fade p\u00fablica do s\u00e9culo XXI.<br>-Nosso projeto, \u00e9 pensando na redu\u00e7\u00e3o de gastos do Sistema \u00danico de Sa\u00fade com medicamentos e interna\u00e7\u00f5es de pacientes com diversas doen\u00e7as, pois estamos falando da possibilidade de diminuir as doen\u00e7as decorrentes do sobrepeso -, finaliza Dudu.<br>O projeto segue para an\u00e1lise do Poder Executivo Municipal.<\/p>\n","protected":false},"excerpt":{"rendered":"<p>A C\u00e2mara Municipal aprovou na sess\u00e3o desta quarta-feira (03), um projeto de lei do vereador<\/p>\n","protected":false},"author":1,"featured_media":9969,"comment_status":"closed","ping_status":"open","sticky":false,"template":"","format":"standard","meta":{"spay_email":"","footnotes":"","jetpack_publicize_message":""},"categories":[2],"tags":[],"jetpack_featured_media_url":"https:\/\/i2.wp.com\/jornaldeitaipava.com.br\/wp-content\/uploads\/2021\/02\/camara-1.jpg?fit=529%2C292&ssl=1","jetpack_publicize_connections":[],"jetpack_sharing_enabled":true,"jetpack_likes_enabled":true,"jetpack-related-posts":[],"_links":{"self":[{"href":"https:\/\/jornaldeitaipava.com.br\/index.php\/wp-json\/wp\/v2\/posts\/39189"}],"collection":[{"href":"https:\/\/jornaldeitaipava.com.br\/index.php\/wp-json\/wp\/v2\/posts"}],"about":[{"href":"https:\/\/jornaldeitaipava.com.br\/index.php\/wp-json\/wp\/v2\/types\/post"}],"author":[{"embeddable":true,"href":"https:\/\/jornaldeitaipava.com.br\/index.php\/wp-json\/wp\/v2\/users\/1"}],"replies":[{"embeddable":true,"href":"https:\/\/jornaldeitaipava.com.br\/index.php\/wp-json\/wp\/v2\/comments?post=39189"}],"version-history":[{"count":1,"href":"https:\/\/jornaldeitaipava.com.br\/index.php\/wp-json\/wp\/v2\/posts\/39189\/revisions"}],"predecessor-version":[{"id":39190,"href":"https:\/\/jornaldeitaipava.com.br\/index.php\/wp-json\/wp\/v2\/posts\/39189\/revisions\/39190"}],"wp:featuredmedia":[{"embeddable":true,"href":"https:\/\/jornaldeitaipava.com.br\/index.php\/wp-json\/wp\/v2\/media\/9969"}],"wp:attachment":[{"href":"https:\/\/jornaldeitaipava.com.br\/index.php\/wp-json\/wp\/v2\/media?parent=39189"}],"wp:term":[{"taxonomy":"category","embeddable":true,"href":"https:\/\/jornaldeitaipava.com.br\/index.php\/wp-json\/wp\/v2\/categories?post=39189"},{"taxonomy":"post_tag","embeddable":true,"href":"https:\/\/jornaldeitaipava.com.br\/index.php\/wp-json\/wp\/v2\/tags?post=39189"}],"curies":[{"name":"wp","href":"https:\/\/api.w.org\/{rel}","templated":true}]}}