{"id":39192,"date":"2024-04-09T09:57:53","date_gmt":"2024-04-09T12:57:53","guid":{"rendered":"http:\/\/jornaldeitaipava.com.br\/?p=39192"},"modified":"2024-04-09T09:58:07","modified_gmt":"2024-04-09T12:58:07","slug":"prefeitura-de-tres-rios-inicia-convocacao-dos-aprovados-no-concurso-publico","status":"publish","type":"post","link":"https:\/\/jornaldeitaipava.com.br\/index.php\/2024\/04\/09\/prefeitura-de-tres-rios-inicia-convocacao-dos-aprovados-no-concurso-publico\/","title":{"rendered":"Prefeitura de Tr\u00eas Rios inicia convoca\u00e7\u00e3o dos aprovados no concurso p\u00fablico"},"content":{"rendered":"\n<p class=\"has-text-align-center\"><strong>Nesta primeira etapa, foram convocados 45 profissionais da \u00e1rea da educa\u00e7\u00e3o, os quais dever\u00e3o entregar documenta\u00e7\u00e3o entre os dias 08 e 12 de abril<\/strong><\/p>\n\n\n\n<p><br>A Prefeitura de Tr\u00eas Rios iniciou, nesta semana, a convoca\u00e7\u00e3o dos aprovados do concurso p\u00fablico realizado em fevereiro deste ano. Nesta primeira etapa, foram convocados 45 aprovados, todos profissionais da \u00e1rea da educa\u00e7\u00e3o.<br>Os convocados devem comparecer \u00e0 Secretaria de Administra\u00e7\u00e3o e Recursos Humanos, que fica na Pra\u00e7a S\u00e3o Sebasti\u00e3o, n\u00ba 81, no Centro da cidade, das 12h \u00e0s 16h \u2013 entre os dias 08 e 12 de abril para apresentar documenta\u00e7\u00e3o necess\u00e1ria: 01 foto 3\u00d74 recente; carteira de trabalho (c\u00f3pia da p\u00e1gina com a foto e o verso com os dados); carteira de identidade; Cadastro de Pessoa F\u00edsica (CPF); t\u00edtulo de eleitor; certificado de reservista; cadastro do PIS\/ PASEP \u2013 Caixa Econ\u00f4mica Federal\/Banco do Brasil; certid\u00e3o de nascimento\/casamento; comprovante de resid\u00eancia atualizado; comprovante de escolaridade e a \u00faltima declara\u00e7\u00e3o de Imposto de Renda (completa).<br>Tamb\u00e9m \u00e9 necess\u00e1rio apresentar o registro no Conselho quando for o caso, com a anuidade paga; comprovante de antecedentes criminais, dispon\u00edvel no site: https:\/\/antecedentes.dpf.gov.br\/antecedentes-criminais\/certidao; conta no Banco Ita\u00fa; e quem possuir filhos menores de 21 anos, deve apresentar tamb\u00e9m a certid\u00e3o de nascimento e CPF; certid\u00e3o de crimes eleitorais, dispon\u00edvel no site https:\/\/www.tse.jus.br\/servi\u00e7oseleitorais\/certid\u00f5es\/certid\u00e3o-de-crimes-eleitorais; certid\u00e3o de quita\u00e7\u00e3o eleitoral, dispon\u00edvel no site: https:\/\/www.tse.jus.br\/servicoseleitorais\/certidoes\/certidao-de-quitacao-eleitoral e assinar o termo de posse.<br>\u201c\u00c9 importante que o profissional confira toda documenta\u00e7\u00e3o antes de procurar a Secretaria de Administra\u00e7\u00e3o. N\u00e3o ser\u00e1 aceito documenta\u00e7\u00e3o parcial, a lista precisa estar completa. Esse \u00e9 um momento importante para os convocados e \u00e9 um momento importante tamb\u00e9m para o Poder Executivo. \u00c9 uma convoca\u00e7\u00e3o c\u00e9lere, onde iniciamos o chamamento com menos de 40 dias ap\u00f3s aplica\u00e7\u00e3o das provas. Daqui a pouco, vamos pra segunda etapa\u201d, resumiu o secret\u00e1rio de Administra\u00e7\u00e3o e Recursos Humanos, Ricardo Webster.<br>Foram convocados: 04 secret\u00e1rios de escola, 02 supervisores de educa\u00e7\u00e3o, 02 professores de educa\u00e7\u00e3o f\u00edsica, 05 professores de portugu\u00eas, 01 professor de artes, 02 professores de ci\u00eancias, 02 professores de geografia, 02 professores de hist\u00f3ria, 02 professores de ingl\u00eas, 03 professores de matem\u00e1tica e 20 professores docente I.<\/p>\n","protected":false},"excerpt":{"rendered":"<p>Nesta primeira etapa, foram convocados 45 profissionais da \u00e1rea da educa\u00e7\u00e3o, os quais dever\u00e3o entregar<\/p>\n","protected":false},"author":1,"featured_media":39193,"comment_status":"closed","ping_status":"open","sticky":false,"template":"","format":"standard","meta":{"spay_email":"","footnotes":"","jetpack_publicize_message":""},"categories":[5],"tags":[],"jetpack_featured_media_url":"https:\/\/i1.wp.com\/jornaldeitaipava.com.br\/wp-content\/uploads\/2024\/04\/concurso-tr.jpg?fit=1024%2C768&ssl=1","jetpack_publicize_connections":[],"jetpack_sharing_enabled":true,"jetpack_likes_enabled":true,"jetpack-related-posts":[],"_links":{"self":[{"href":"https:\/\/jornaldeitaipava.com.br\/index.php\/wp-json\/wp\/v2\/posts\/39192"}],"collection":[{"href":"https:\/\/jornaldeitaipava.com.br\/index.php\/wp-json\/wp\/v2\/posts"}],"about":[{"href":"https:\/\/jornaldeitaipava.com.br\/index.php\/wp-json\/wp\/v2\/types\/post"}],"author":[{"embeddable":true,"href":"https:\/\/jornaldeitaipava.com.br\/index.php\/wp-json\/wp\/v2\/users\/1"}],"replies":[{"embeddable":true,"href":"https:\/\/jornaldeitaipava.com.br\/index.php\/wp-json\/wp\/v2\/comments?post=39192"}],"version-history":[{"count":1,"href":"https:\/\/jornaldeitaipava.com.br\/index.php\/wp-json\/wp\/v2\/posts\/39192\/revisions"}],"predecessor-version":[{"id":39194,"href":"https:\/\/jornaldeitaipava.com.br\/index.php\/wp-json\/wp\/v2\/posts\/39192\/revisions\/39194"}],"wp:featuredmedia":[{"embeddable":true,"href":"https:\/\/jornaldeitaipava.com.br\/index.php\/wp-json\/wp\/v2\/media\/39193"}],"wp:attachment":[{"href":"https:\/\/jornaldeitaipava.com.br\/index.php\/wp-json\/wp\/v2\/media?parent=39192"}],"wp:term":[{"taxonomy":"category","embeddable":true,"href":"https:\/\/jornaldeitaipava.com.br\/index.php\/wp-json\/wp\/v2\/categories?post=39192"},{"taxonomy":"post_tag","embeddable":true,"href":"https:\/\/jornaldeitaipava.com.br\/index.php\/wp-json\/wp\/v2\/tags?post=39192"}],"curies":[{"name":"wp","href":"https:\/\/api.w.org\/{rel}","templated":true}]}}