{"id":39195,"date":"2024-04-09T10:00:44","date_gmt":"2024-04-09T13:00:44","guid":{"rendered":"http:\/\/jornaldeitaipava.com.br\/?p=39195"},"modified":"2024-04-09T10:00:55","modified_gmt":"2024-04-09T13:00:55","slug":"cabo-frio-retoma-projeto-esse-mar-e-meu-com-passeios-de-barco-a-preco-reduzido","status":"publish","type":"post","link":"https:\/\/jornaldeitaipava.com.br\/index.php\/2024\/04\/09\/cabo-frio-retoma-projeto-esse-mar-e-meu-com-passeios-de-barco-a-preco-reduzido\/","title":{"rendered":"Cabo Frio retoma projeto \u201cEsse Mar \u00e9 Meu\u201d com passeios de barco a pre\u00e7o reduzido"},"content":{"rendered":"\n<p>Come\u00e7ou no domingo (07) a 11\u00aa edi\u00e7\u00e3o do projeto \u201cEsse Mar \u00e9 meu\u201d. A iniciativa, ue \u00e9 fruto da parceria entre a Associa\u00e7\u00e3o das Empresas de Turismo N\u00e1utico e a Prefeitura de Cabo Frio, por meio da Secretaria de Turismo, Esporte e Lazer, acontecer\u00e1 at\u00e9 o dia 22 de dezembro, com desconto nos passeios de barco em Cabo Frio. O objetivo \u00e9 oferecer, para moradores da cidade, passeios de barco com pre\u00e7os reduzidos, sempre aos domingos. Nestes dias, a tarifa dos barcos participantes do projeto ser\u00e1 R$ 25, mais 1kg de alimento n\u00e3o perec\u00edvel, por pessoa.<br>\u201cAtrav\u00e9s desta experi\u00eancia de viv\u00eancia, o morador ter\u00e1 a oportunidade de conhecer, se empoderar e valorizar ainda mais o mar, que \u00e9 um importante patrim\u00f4nio natural que Cabo Frio possui, capaz de dinamizar diversas atividades tur\u00edsticas e econ\u00f4micas que devem ser desenvolvidas de forma sustent\u00e1vel e respons\u00e1vel\u201d, disse Paolla Martins, secret\u00e1ria de Turismo, Esporte e Lazer.<br>Al\u00e9m dos tradicionais passeios, neste ano o projeto vai trabalhar a bordo o discurso sobre a import\u00e2ncia do turismo n\u00e1utico sustent\u00e1vel e respons\u00e1vel. Os passeios saem do Terminal de Barcos de Cabo Frio, no Boulevard Canal. Cada passeio ter\u00e1 dura\u00e7\u00e3o de tr\u00eas horas e as sa\u00eddas ser\u00e3o \u00e0s 10h30 e \u00e0s 14h, todo domingo. As reservas podem ser feitas nos n\u00fameros (22)99212-2020 (Embarca\u00e7\u00e3o Califort), (22)99968-7878 (Embarca\u00e7\u00e3o Catamar\u00e3 Black Diamond e Catamar\u00e3 Cabo Frio) e (22)99926-2609 (Escuna Eu ??Cabo Frio).<br>O roteiro passa por lugares como Canal Itajuru, Condom\u00ednio dos Artistas (Moringa), Passagem (1\u00ba polo de coloniza\u00e7\u00e3o da cidade), Ilha do Japon\u00eas (parada para banho de mar \u2013 50 minutos), Forte S\u00e3o Mateus, Praia do Forte, Farol da Lajinha (Farol da Marinha), Praia Brava (nudismo), Ilha dos Papagaios (parada para banho de mar 50 minutos), Ilha dos Papagaios: Parada para banho de mar, momento de encontro com a natureza exuberante esculpida nas rochas, e \u00e1guas cristalinas, possibilitando mergulho com snorkel para conhecer a fauna marinha, peixes, tartarugas, estrelas do mar (servi\u00e7o \u00e0 parte) e Ilha do Japon\u00eas: parada para banho.<\/p>\n","protected":false},"excerpt":{"rendered":"<p>Come\u00e7ou no domingo (07) a 11\u00aa edi\u00e7\u00e3o do projeto \u201cEsse Mar \u00e9 meu\u201d. A iniciativa,<\/p>\n","protected":false},"author":1,"featured_media":39196,"comment_status":"closed","ping_status":"open","sticky":false,"template":"","format":"standard","meta":{"spay_email":"","footnotes":"","jetpack_publicize_message":""},"categories":[5],"tags":[],"jetpack_featured_media_url":"https:\/\/i0.wp.com\/jornaldeitaipava.com.br\/wp-content\/uploads\/2024\/04\/CABO-FRIO.jpeg?fit=1156%2C868&ssl=1","jetpack_publicize_connections":[],"jetpack_sharing_enabled":true,"jetpack_likes_enabled":true,"jetpack-related-posts":[],"_links":{"self":[{"href":"https:\/\/jornaldeitaipava.com.br\/index.php\/wp-json\/wp\/v2\/posts\/39195"}],"collection":[{"href":"https:\/\/jornaldeitaipava.com.br\/index.php\/wp-json\/wp\/v2\/posts"}],"about":[{"href":"https:\/\/jornaldeitaipava.com.br\/index.php\/wp-json\/wp\/v2\/types\/post"}],"author":[{"embeddable":true,"href":"https:\/\/jornaldeitaipava.com.br\/index.php\/wp-json\/wp\/v2\/users\/1"}],"replies":[{"embeddable":true,"href":"https:\/\/jornaldeitaipava.com.br\/index.php\/wp-json\/wp\/v2\/comments?post=39195"}],"version-history":[{"count":1,"href":"https:\/\/jornaldeitaipava.com.br\/index.php\/wp-json\/wp\/v2\/posts\/39195\/revisions"}],"predecessor-version":[{"id":39197,"href":"https:\/\/jornaldeitaipava.com.br\/index.php\/wp-json\/wp\/v2\/posts\/39195\/revisions\/39197"}],"wp:featuredmedia":[{"embeddable":true,"href":"https:\/\/jornaldeitaipava.com.br\/index.php\/wp-json\/wp\/v2\/media\/39196"}],"wp:attachment":[{"href":"https:\/\/jornaldeitaipava.com.br\/index.php\/wp-json\/wp\/v2\/media?parent=39195"}],"wp:term":[{"taxonomy":"category","embeddable":true,"href":"https:\/\/jornaldeitaipava.com.br\/index.php\/wp-json\/wp\/v2\/categories?post=39195"},{"taxonomy":"post_tag","embeddable":true,"href":"https:\/\/jornaldeitaipava.com.br\/index.php\/wp-json\/wp\/v2\/tags?post=39195"}],"curies":[{"name":"wp","href":"https:\/\/api.w.org\/{rel}","templated":true}]}}