{"id":39207,"date":"2024-04-09T11:20:48","date_gmt":"2024-04-09T14:20:48","guid":{"rendered":"http:\/\/jornaldeitaipava.com.br\/?p=39207"},"modified":"2024-04-09T11:20:54","modified_gmt":"2024-04-09T14:20:54","slug":"dia-mundial-da-luta-contra-o-cancer-tratamento-de-tecnologia-avancada-contribui-para-a-melhoria-da-qualidade-de-vida-e-ate-mesmo-a-cura-dos-pacientes","status":"publish","type":"post","link":"https:\/\/jornaldeitaipava.com.br\/index.php\/2024\/04\/09\/dia-mundial-da-luta-contra-o-cancer-tratamento-de-tecnologia-avancada-contribui-para-a-melhoria-da-qualidade-de-vida-e-ate-mesmo-a-cura-dos-pacientes\/","title":{"rendered":"Dia Mundial da Luta Contra o C\u00e2ncer: tratamento de tecnologia avan\u00e7ada contribui para a melhoria da qualidade de vida e at\u00e9 mesmo a cura dos pacientes"},"content":{"rendered":"\n<p class=\"has-text-align-center\"><strong>Radioterapia \u00e9 um tratamento de alta tecnologia, feito com radia\u00e7\u00e3o ionizante que atua diretamente no tumor<\/strong><\/p>\n\n\n\n<p>As medidas de preven\u00e7\u00e3o ao c\u00e2ncer, as alternativas para o diagn\u00f3stico precoce e as possibilidades de tratamento cada vez mais avan\u00e7adas s\u00e3o temas constantes em debates na sociedade. Neste m\u00eas, o assunto \u00e9 intensificado com o Dia Mundial de Luta Contra o C\u00e2ncer, com conscientiza\u00e7\u00e3o no dia 8 de abril. Refer\u00eancia no tratamento da doen\u00e7a em Petr\u00f3polis, a <strong>R\u00e1dio Serra Centro Regional de Radioterapia<\/strong>, enfatiza os avan\u00e7os no cuidado do c\u00e2ncer, especialmente com os resultados positivos obtidos com a radioterapia, um dos mecanismos de tecnologia avan\u00e7ada de grande efic\u00e1cia para a cura e melhoria na qualidade de vida dos pacientes.<\/p>\n\n\n\n<p>Em Petr\u00f3polis, a cl\u00ednica atende pacientes de diferentes cidades, vindos de todo o Estado em busca do tratamento que tem alta taxa de cura. \u201cQuando o tratamento \u00e9 combinado, radioterapia com quimioterapia, \u00e9 poss\u00edvel obter bons resultados com a cura, at\u00e9 mesmo de pacientes que tiveram met\u00e1stase\u201d, destacou o m\u00e9dico r\u00e1dio-oncologista, Daniel Przybysz.<\/p>\n\n\n\n<p>O especialista explica que a radioterapia \u00e9 um tratamento de alta tecnologia, feito com radia\u00e7\u00e3o ionizante que atua diretamente no tumor, provocando danos \u00e0 c\u00e9lula cancerosa. \u00c9 poss\u00edvel impedir o crescimento e a multiplica\u00e7\u00e3o dos tumores. Em casos de sucesso, a radioterapia contribui at\u00e9 mesmo para a destrui\u00e7\u00e3o das c\u00e9lulas do c\u00e2ncer. Atualmente h\u00e1 diferentes tratamentos poss\u00edveis, podendo elevar as chances de cura, quando o diagn\u00f3stico \u00e9 precoce e a aplica\u00e7\u00e3o da radia\u00e7\u00e3o \u00e9 feita ainda no est\u00e1gio inicial. No entanto, tamb\u00e9m h\u00e1 recomenda\u00e7\u00f5es para casos em que o c\u00e2ncer est\u00e1 em n\u00edvel mais avan\u00e7ado, antes e depois de cirurgias.<\/p>\n\n\n\n<p>Entre tantos benef\u00edcios, a radioterapia \u00e9 um tratamento que n\u00e3o causa dores e mal-estar aos pacientes, e mesmo quando n\u00e3o alcan\u00e7a a cura, contribui com a qualidade de vida. A radia\u00e7\u00e3o possibilita a redu\u00e7\u00e3o de hemorragias, alivia dores e outros sintomas. \u201c\u00c9 um tratamento extremamente local e focal, causando dano no DNA da c\u00e9lula, muito usado por exemplo ap\u00f3s a cirurgia de mama, para garantir que o c\u00e2ncer n\u00e3o volte ou para reduzir a chance de desenvolvimento de outra c\u00e9lula\u201d, complementa Dr Daniel, destacando ainda que o tratamento tamb\u00e9m \u00e9 muito indicado para os casos de c\u00e2ncer de pr\u00f3stata. \u201cEm diagn\u00f3sticos de c\u00e2ncer de pr\u00f3stata \u00e9 poss\u00edvel at\u00e9 mesmo se alcan\u00e7ar a cura sem necessitar de cirurgia\u201d, explicou.<\/p>\n\n\n\n<p>Existem diferentes tipos de radioterapia, sendo utilizada a externa ou teleterapia, em que a radia\u00e7\u00e3o \u00e9 emitida por aparelho, afastado do paciente, com direcionamento do aparelho para o local a ser tratado. E h\u00e1 ainda a braquiterapia, em que a radia\u00e7\u00e3o \u00e9 direcionada por aplicadores, ligados a cateteres, colocados nos pacientes podendo ser necess\u00e1rio recorrer \u00e0 anestesia para evitar desconfortos.<\/p>\n\n\n\n<p>O m\u00e9dico r\u00e1dio-oncologista, refor\u00e7a que atualmente h\u00e1 diversos mecanismos que alcan\u00e7am bons resultados no tratamento e cura dos pacientes. No entanto, a preven\u00e7\u00e3o da doen\u00e7a a partir da ado\u00e7\u00e3o de h\u00e1bitos de vida saud\u00e1veis e uma rotina de cuidado m\u00e9dico, possibilitando o diagn\u00f3stico precoce, ainda s\u00e3o as melhores alternativas. \u201c\u00c9 importante que as pessoas tenham cada vez mais consci\u00eancia da import\u00e2ncia da identifica\u00e7\u00e3o da c\u00e9lula do c\u00e2ncer em seu est\u00e1gio inicial e isso \u00e9 obtido com a manuten\u00e7\u00e3o do acompanhamento m\u00e9dico e a realiza\u00e7\u00e3o de exames de rotina\u201d, ressalta Daniel Przybysz, n\u00e3o deixando de enfatizar que alimenta\u00e7\u00e3o saud\u00e1vel e pr\u00e1tica de exerc\u00edcios s\u00e3o de grande relev\u00e2ncia para a manuten\u00e7\u00e3o da qualidade de vida.<\/p>\n","protected":false},"excerpt":{"rendered":"<p>Radioterapia \u00e9 um tratamento de alta tecnologia, feito com radia\u00e7\u00e3o ionizante que atua diretamente no<\/p>\n","protected":false},"author":1,"featured_media":39208,"comment_status":"closed","ping_status":"open","sticky":false,"template":"","format":"standard","meta":{"spay_email":"","footnotes":"","jetpack_publicize_message":""},"categories":[2],"tags":[],"jetpack_featured_media_url":"https:\/\/i1.wp.com\/jornaldeitaipava.com.br\/wp-content\/uploads\/2024\/04\/radioserra.png?fit=587%2C334&ssl=1","jetpack_publicize_connections":[],"jetpack_sharing_enabled":true,"jetpack_likes_enabled":true,"jetpack-related-posts":[],"_links":{"self":[{"href":"https:\/\/jornaldeitaipava.com.br\/index.php\/wp-json\/wp\/v2\/posts\/39207"}],"collection":[{"href":"https:\/\/jornaldeitaipava.com.br\/index.php\/wp-json\/wp\/v2\/posts"}],"about":[{"href":"https:\/\/jornaldeitaipava.com.br\/index.php\/wp-json\/wp\/v2\/types\/post"}],"author":[{"embeddable":true,"href":"https:\/\/jornaldeitaipava.com.br\/index.php\/wp-json\/wp\/v2\/users\/1"}],"replies":[{"embeddable":true,"href":"https:\/\/jornaldeitaipava.com.br\/index.php\/wp-json\/wp\/v2\/comments?post=39207"}],"version-history":[{"count":1,"href":"https:\/\/jornaldeitaipava.com.br\/index.php\/wp-json\/wp\/v2\/posts\/39207\/revisions"}],"predecessor-version":[{"id":39209,"href":"https:\/\/jornaldeitaipava.com.br\/index.php\/wp-json\/wp\/v2\/posts\/39207\/revisions\/39209"}],"wp:featuredmedia":[{"embeddable":true,"href":"https:\/\/jornaldeitaipava.com.br\/index.php\/wp-json\/wp\/v2\/media\/39208"}],"wp:attachment":[{"href":"https:\/\/jornaldeitaipava.com.br\/index.php\/wp-json\/wp\/v2\/media?parent=39207"}],"wp:term":[{"taxonomy":"category","embeddable":true,"href":"https:\/\/jornaldeitaipava.com.br\/index.php\/wp-json\/wp\/v2\/categories?post=39207"},{"taxonomy":"post_tag","embeddable":true,"href":"https:\/\/jornaldeitaipava.com.br\/index.php\/wp-json\/wp\/v2\/tags?post=39207"}],"curies":[{"name":"wp","href":"https:\/\/api.w.org\/{rel}","templated":true}]}}