{"id":39213,"date":"2024-04-10T10:01:47","date_gmt":"2024-04-10T13:01:47","guid":{"rendered":"http:\/\/jornaldeitaipava.com.br\/?p=39213"},"modified":"2024-04-10T10:01:52","modified_gmt":"2024-04-10T13:01:52","slug":"vitimas-das-chuvas-de-marco-ja-estao-inseridas-no-aluguel-social","status":"publish","type":"post","link":"https:\/\/jornaldeitaipava.com.br\/index.php\/2024\/04\/10\/vitimas-das-chuvas-de-marco-ja-estao-inseridas-no-aluguel-social\/","title":{"rendered":"V\u00edtimas das chuvas de mar\u00e7o j\u00e1 est\u00e3o inseridas no Aluguel Social"},"content":{"rendered":"\n<p><\/p>\n\n\n\n<p>As fam\u00edlias atingidas pelas chuvas de mar\u00e7o j\u00e1 est\u00e3o sendo inseridas no programa Aluguel Social. Esta \u00e9 uma a\u00e7\u00e3o da Prefeitura. O aluguel social para essas fam\u00edlias ser\u00e1 de R$ 1 mil \u2013 pagos integralmente pela Prefeitura.<br>Desde segunda-feira (9), equipes da Secretaria de Assist\u00eancia Social est\u00e3o levantando a documenta\u00e7\u00e3o das fam\u00edlias que tiveram as casas interditadas pela Secretaria de Defesa Civil ap\u00f3s as chuvas de mar\u00e7o. Caso se enquadrem nos crit\u00e9rios do programa e indiquem uma casa segura para alugar (ap\u00f3s avalia\u00e7\u00e3o da Defesa Civil), ser\u00e3o inseridas no programa.<br>N\u00e3o \u00e9 preciso procurar a Secretaria de Assist\u00eancia Social<br>As fam\u00edlias que precisam do benef\u00edcio n\u00e3o precisam procurar a Assist\u00eancia Social.<br>A Secretaria de Assist\u00eancia Social \u00e9 quem est\u00e1 fazendo esse movimento. A pasta est\u00e1 entrando em contato com as fam\u00edlias que ficaram desabrigadas (quem teve que deixar a casa e precisou de um abrigo p\u00fablico) ou desalojadas (quem teve que deixar a casa e foi para a casa de amigos ou parentes) e que tiveram as casas interditadas pela Defesa Civil.<\/p>\n\n\n\n<p><strong>Pontos de apoio, abrigos e Aluguel Social<br><\/strong>Todas as fam\u00edlias que, em algum momento, passaram pelos abrigos ou pelos pontos de apoio foram cadastradas pela Assist\u00eancia Social.<br>\u201cNo primeiro momento, quando houve aquela previs\u00e3o de chuvas muito fortes para Petr\u00f3polis, a a\u00e7\u00e3o da Prefeitura foi no sentido de orientar que as pessoas procurassem um local seguro. As chuvas fortes vieram, e centenas de pessoas foram para os pontos de apoio que abrimos. O que foi \u00f3timo, porque mostrou que a cidade est\u00e1 aprendendo a lidar com o risco. Depois, o nosso trabalho foi no sentido de encaminhar as fam\u00edlias que ainda estavam nos pontos de apoio para os abrigos do munic\u00edpio, para que as aulas nas escolas fossem retomadas. Isso tamb\u00e9m aconteceu. Agora, estamos na etapa seguinte, que \u00e9 encaminhar essas fam\u00edlias para o Aluguel Social\u201d, disse o prefeito Rubens Bomtempo.<br>Todas essas etapas foram percorridas pela Prefeitura em menos de 3 semanas (j\u00e1 que as chuvas tiveram in\u00edcio em 21 de mar\u00e7o). J\u00e1 no dia 29 de mar\u00e7o, n\u00e3o havia mais pessoas nos pontos de apoio. Hoje s\u00e3o 8 fam\u00edlias no abrigo da Floriano Peixoto, 11 fam\u00edlias no abrigo do Independ\u00eancia e 17 fam\u00edlias no abrigo do Caxambu.<br>\u201cAgora o trabalho \u00e9 para que essas fam\u00edlias sejam encaminhadas para o Aluguel Social. Nos abrigos, a Prefeitura est\u00e1 trabalhando diariamente para acolher essas fam\u00edlias, com conforto, alimenta\u00e7\u00e3o, espa\u00e7o adequado e todo tipo de assist\u00eancia. Mas sabemos que todo mundo precisa do seu cantinho, com privacidade, e o Aluguel Social vai possibilitar isso\u201d, disse a secret\u00e1ria de Assist\u00eancia Social, Valesca Gon\u00e7alves.<\/p>\n\n\n\n<p><strong>5 sal\u00e1rios m\u00ednimos<br><\/strong>Para ter direito ao Aluguel Social, o n\u00facleo familiar deve ter renda de, no m\u00e1ximo, 5 sal\u00e1rios m\u00ednimos. Al\u00e9m disso, \u00e9 preciso que a casa onde morava tenha sido interditada pela Defesa Civil.<br>De forma excepcional (e pelo prazo de 12 meses), o benef\u00edcio da Prefeitura tamb\u00e9m ser\u00e1 concedido \u00e0s fam\u00edlias que j\u00e1 viviam de aluguel e tamb\u00e9m \u00e0quelas que optarem por alugar um im\u00f3vel pelo programa em outros munic\u00edpios do estado.<\/p>\n","protected":false},"excerpt":{"rendered":"<p>As fam\u00edlias atingidas pelas chuvas de mar\u00e7o j\u00e1 est\u00e3o sendo inseridas no programa Aluguel Social.<\/p>\n","protected":false},"author":1,"featured_media":26715,"comment_status":"closed","ping_status":"open","sticky":false,"template":"","format":"standard","meta":{"spay_email":"","footnotes":"","jetpack_publicize_message":""},"categories":[2],"tags":[],"jetpack_featured_media_url":"https:\/\/i2.wp.com\/jornaldeitaipava.com.br\/wp-content\/uploads\/2022\/04\/aluguel-social.jpg?fit=300%2C168&ssl=1","jetpack_publicize_connections":[],"jetpack_sharing_enabled":true,"jetpack_likes_enabled":true,"jetpack-related-posts":[],"_links":{"self":[{"href":"https:\/\/jornaldeitaipava.com.br\/index.php\/wp-json\/wp\/v2\/posts\/39213"}],"collection":[{"href":"https:\/\/jornaldeitaipava.com.br\/index.php\/wp-json\/wp\/v2\/posts"}],"about":[{"href":"https:\/\/jornaldeitaipava.com.br\/index.php\/wp-json\/wp\/v2\/types\/post"}],"author":[{"embeddable":true,"href":"https:\/\/jornaldeitaipava.com.br\/index.php\/wp-json\/wp\/v2\/users\/1"}],"replies":[{"embeddable":true,"href":"https:\/\/jornaldeitaipava.com.br\/index.php\/wp-json\/wp\/v2\/comments?post=39213"}],"version-history":[{"count":1,"href":"https:\/\/jornaldeitaipava.com.br\/index.php\/wp-json\/wp\/v2\/posts\/39213\/revisions"}],"predecessor-version":[{"id":39214,"href":"https:\/\/jornaldeitaipava.com.br\/index.php\/wp-json\/wp\/v2\/posts\/39213\/revisions\/39214"}],"wp:featuredmedia":[{"embeddable":true,"href":"https:\/\/jornaldeitaipava.com.br\/index.php\/wp-json\/wp\/v2\/media\/26715"}],"wp:attachment":[{"href":"https:\/\/jornaldeitaipava.com.br\/index.php\/wp-json\/wp\/v2\/media?parent=39213"}],"wp:term":[{"taxonomy":"category","embeddable":true,"href":"https:\/\/jornaldeitaipava.com.br\/index.php\/wp-json\/wp\/v2\/categories?post=39213"},{"taxonomy":"post_tag","embeddable":true,"href":"https:\/\/jornaldeitaipava.com.br\/index.php\/wp-json\/wp\/v2\/tags?post=39213"}],"curies":[{"name":"wp","href":"https:\/\/api.w.org\/{rel}","templated":true}]}}