{"id":39217,"date":"2024-04-10T10:03:53","date_gmt":"2024-04-10T13:03:53","guid":{"rendered":"http:\/\/jornaldeitaipava.com.br\/?p=39217"},"modified":"2024-04-10T10:04:00","modified_gmt":"2024-04-10T13:04:00","slug":"petropolis-enfrenta-escassez-de-doses-da-vacina-bivalente-contra-a-covid-19","status":"publish","type":"post","link":"https:\/\/jornaldeitaipava.com.br\/index.php\/2024\/04\/10\/petropolis-enfrenta-escassez-de-doses-da-vacina-bivalente-contra-a-covid-19\/","title":{"rendered":"Petr\u00f3polis enfrenta escassez de doses da vacina bivalente contra a COVID-19"},"content":{"rendered":"\n<p>A Secretaria Municipal de Sa\u00fade est\u00e1 alertando para a iminente falta de doses da vacina bivalente contra a covid-19 nas salas de imuniza\u00e7\u00e3o da cidade. A situa\u00e7\u00e3o foi desencadeada pela irregularidade no abastecimento do imunizante, informada pela Secretaria de Estado de Sa\u00fade, que por sua vez atribuiu o problema \u00e0 escassez de fornecimento por parte do Minist\u00e9rio da Sa\u00fade.<br>Segundo a resposta da Secretaria de Estado de Sa\u00fade ao e-mail enviado pela Divis\u00e3o de Imuniza\u00e7\u00e3o da Secretaria Municipal, o laborat\u00f3rio Pfizer, respons\u00e1vel pela produ\u00e7\u00e3o das vacinas bivalentes para adultos, enfrenta dificuldades no abastecimento. Essa situa\u00e7\u00e3o tem impactado diretamente a distribui\u00e7\u00e3o para os munic\u00edpios. N\u00e3o h\u00e1 previs\u00e3o para a chegada de novas remessas.<br>O prefeito Rubens Bomtempo refor\u00e7ou o compromisso da Prefeitura em garantir a imuniza\u00e7\u00e3o da popula\u00e7\u00e3o. &#8220;Estamos fazendo todo o poss\u00edvel para resolver essa quest\u00e3o e esperamos que o fornecimento de vacinas seja normalizado o mais r\u00e1pido poss\u00edvel&#8221;, declarou Bomtempo.<br>A situa\u00e7\u00e3o se agrava ainda mais com a irregularidade no fornecimento da vacina Pfizer pedi\u00e1trica para crian\u00e7as de 5 a 11 anos, que tamb\u00e9m enfrenta dificuldades de abastecimento, embora continue sendo entregue em volumes reduzidos.<br>O secret\u00e1rio de Sa\u00fade, Marcus Curvelo, expressou preocupa\u00e7\u00e3o com a situa\u00e7\u00e3o e ressaltou que o munic\u00edpio tem feito sua parte ao solicitar regularmente novas remessas de vacinas. &#8220;Estamos em constante contato com a Secretaria de Estado de Sa\u00fade e temos cobrado a regulariza\u00e7\u00e3o da entrega dos imunizantes. A \u00faltima solicita\u00e7\u00e3o realizada pela Divis\u00e3o de Imuniza\u00e7\u00e3o, inclusive, aconteceu na segunda-feira (08)&#8221;, afirmou Curvelo.<\/p>\n","protected":false},"excerpt":{"rendered":"<p>A Secretaria Municipal de Sa\u00fade est\u00e1 alertando para a iminente falta de doses da vacina<\/p>\n","protected":false},"author":1,"featured_media":24110,"comment_status":"closed","ping_status":"open","sticky":false,"template":"","format":"standard","meta":{"spay_email":"","footnotes":"","jetpack_publicize_message":""},"categories":[2],"tags":[],"jetpack_featured_media_url":"https:\/\/i2.wp.com\/jornaldeitaipava.com.br\/wp-content\/uploads\/2022\/01\/TESTE-COVID.png?fit=984%2C656&ssl=1","jetpack_publicize_connections":[],"jetpack_sharing_enabled":true,"jetpack_likes_enabled":true,"jetpack-related-posts":[],"_links":{"self":[{"href":"https:\/\/jornaldeitaipava.com.br\/index.php\/wp-json\/wp\/v2\/posts\/39217"}],"collection":[{"href":"https:\/\/jornaldeitaipava.com.br\/index.php\/wp-json\/wp\/v2\/posts"}],"about":[{"href":"https:\/\/jornaldeitaipava.com.br\/index.php\/wp-json\/wp\/v2\/types\/post"}],"author":[{"embeddable":true,"href":"https:\/\/jornaldeitaipava.com.br\/index.php\/wp-json\/wp\/v2\/users\/1"}],"replies":[{"embeddable":true,"href":"https:\/\/jornaldeitaipava.com.br\/index.php\/wp-json\/wp\/v2\/comments?post=39217"}],"version-history":[{"count":1,"href":"https:\/\/jornaldeitaipava.com.br\/index.php\/wp-json\/wp\/v2\/posts\/39217\/revisions"}],"predecessor-version":[{"id":39218,"href":"https:\/\/jornaldeitaipava.com.br\/index.php\/wp-json\/wp\/v2\/posts\/39217\/revisions\/39218"}],"wp:featuredmedia":[{"embeddable":true,"href":"https:\/\/jornaldeitaipava.com.br\/index.php\/wp-json\/wp\/v2\/media\/24110"}],"wp:attachment":[{"href":"https:\/\/jornaldeitaipava.com.br\/index.php\/wp-json\/wp\/v2\/media?parent=39217"}],"wp:term":[{"taxonomy":"category","embeddable":true,"href":"https:\/\/jornaldeitaipava.com.br\/index.php\/wp-json\/wp\/v2\/categories?post=39217"},{"taxonomy":"post_tag","embeddable":true,"href":"https:\/\/jornaldeitaipava.com.br\/index.php\/wp-json\/wp\/v2\/tags?post=39217"}],"curies":[{"name":"wp","href":"https:\/\/api.w.org\/{rel}","templated":true}]}}