{"id":39219,"date":"2024-04-10T10:09:02","date_gmt":"2024-04-10T13:09:02","guid":{"rendered":"http:\/\/jornaldeitaipava.com.br\/?p=39219"},"modified":"2024-04-10T10:09:07","modified_gmt":"2024-04-10T13:09:07","slug":"flipetropolis-conheca-os-nomes-confirmados-para-a-primeira-edicao-do-festival-literario","status":"publish","type":"post","link":"https:\/\/jornaldeitaipava.com.br\/index.php\/2024\/04\/10\/flipetropolis-conheca-os-nomes-confirmados-para-a-primeira-edicao-do-festival-literario\/","title":{"rendered":"Flipetr\u00f3polis: conhe\u00e7a os nomes confirmados para a primeira edi\u00e7\u00e3o do Festival Liter\u00e1rio"},"content":{"rendered":"\n<p class=\"has-text-align-center\"><strong>Carla Madeira, Djamila Ribeiro, Itamar Vieira Junior e Andrea Pach\u00e1 estar\u00e3o no Pal\u00e1cio _de Cristal entre os dias 1\u00ba e 5 de maio<\/strong><\/p>\n\n\n\n<p><br>Mais de 60 escritores petropolitanos, nacionais e internacionais est\u00e3o confirmados para o Festival Liter\u00e1rio Internacional de Petr\u00f3polis \u2013 Flipetr\u00f3polis, que ser\u00e1 realizado entre os dias 1\u00ba e 5 de maio, no Pal\u00e1cio de Cristal. A edi\u00e7\u00e3o de estreia do Festival traz o tema \u201cArte, Literatura, Liberdade e Educa\u00e7\u00e3o\u201d e vai homenagear as autoras Ana Maria Machado e Concei\u00e7\u00e3o Evaristo e tem como patrono Juliano Moreira psiquiatra negro, que revolucionou o tratamento de pessoas com transtornos mentais no Brasil e lutou para combater o racismo cient\u00edfico, tendo falecido em 1933, em Petr\u00f3polis.<br>O Flipetr\u00f3polis \u00e9 patrocinado pelo Grupo \u00c1guas do Brasil, via Lei Rouanet do Minist\u00e9rio da Cultura, com o apoio da Prefeitura de Petr\u00f3polis. A curadoria \u00e9 realizada em colabora\u00e7\u00e3o com os escritores S\u00e9rgio Abranches, Tom Farias, Leandro Garcia, Gustavo Grandinetti e Leo Cunha.<br><em>\u201cSer\u00e3o cinco dias onde Petr\u00f3polis vai respirar arte e literatura. Estamos muito felizes com essa parceria e poder trazer para o nosso Pal\u00e1cio de Cristal esse evento, gratuito e que vai principalmente, falar com as nossas crian\u00e7as e jovens\u201d<\/em>, disse o prefeito Rubens Bomtempo.<br>Grandes autores, como Carla Madeira, Djamila Ribeiro, Itamar Vieira Junior, Jamil Chade, Jeferson Ten\u00f3rio, Leonardo Boff, Andrea Pach\u00e1, L\u00edvia Sant&#8217;Anna Vaz, Bruna Lombardi, ministra C\u00e1rmen L\u00facia, Edney Silvestre, Eliana Alves Cruz, Fernanda Takai e Paula Pimenta, v\u00e3o participar de encontros e conversas com o p\u00fablico adulto e infanto-juvenil.<br>A programa\u00e7\u00e3o conta, ainda, com pr\u00eamio de reda\u00e7\u00e3o, exposi\u00e7\u00e3o, lan\u00e7amentos de livros, livraria, gastronomia e atividades musicais. \u201cPreparamos uma programa\u00e7\u00e3o plural, que alcan\u00e7a v\u00e1rias vertentes da arte e da literatura, para todos os p\u00fablicos e idades. Todas as atra\u00e7\u00f5es s\u00e3o gratuitas e com acessibilidade para que todos possam aproveitar ao m\u00e1ximo as experi\u00eancias proporcionadas pelo Festival\u201d, destacou Afonso Borges, presidente do Flipetr\u00f3polis, e que tamb\u00e9m \u00e9 respons\u00e1vel pelos j\u00e1 consolidados festivais liter\u00e1rios internacionais de Arax\u00e1 (Fliarax\u00e1), Paracatu (Fliparacatu) e Itabira (Flitabira).<br>\u201cTemos certeza que o Flipetr\u00f3polis ser\u00e1 um sucesso. O Grupo \u00c1guas do Brasil se orgulha em participar deste momento e poder proporcionar o acesso \u00e0 literatura, \u00e0 arte e \u00e0 cultura aos petropolitanos de forma 100% gratuita\u201d, destacou Jo\u00e3o Henrique Tebyri\u00e7a de S\u00e1, diretor da concession\u00e1ria \u00c1guas do Imperador, que faz parte do Grupo \u00c1guas do Brasil.<\/p>\n\n\n\n<p><strong>Confira outros nomes confirmados para o I Flipetr\u00f3polis<br><\/strong>Nomes de destaque na literatura est\u00e3o confirmados, incluindo a escritora tutsi de Ruanda, residente na Fran\u00e7a, Scholastique Mukasonga, e o angolano radicado em Berlim, Kalaf Epalanga, assim como os autores brasileiros Alex Gomes, Ana Maria Machado, Anderson Machado Alves, Andr\u00e9a Pach\u00e1, Andrea Taubmann, Ant\u00f4nio Torres, Bruna Lombardi, Carla Madeira, C\u00e1rmen L\u00facia, Cl\u00e1udia Nina, Cleber Francisco Alves, Cleia Zanatta Duarte, Concei\u00e7\u00e3o Evaristo, Cris Olivieri, Djamila Ribeiro, Edney Silvestre, Eliana Alves Cruz, Estev\u00e3o Ribeiro, Fernanda Takai, Filipe Graciano, Fl\u00e1via Justen, Gerson Valle, Gustavo Grandinetti, Itamar Vieira Junior, Jamil Chade, Jeferson Ten\u00f3rio, Joana Silva, Juliana Leite, Leandro Garcia (presidente da Academia Petropolitana de Letras \u2013 APL), Leonardo Boff, L\u00edvia Sant&#8217;Anna Vaz, Lucas Ventura da Silva, Lucia Riff, L\u00facio Gil, Lu\u00eds Roberto Barroso, Maria Edina Portinari, Maria L\u00facia Rangel, Maria Ribeiro, Marcelo Fernandes, Marta Lagarta, Mary Del Priore, Matheus Leit\u00e3o, Miriam Leit\u00e3o, Morgana Kretzmann, Ot\u00e1vio Jr, Paloma Jorge Amado, Paula Pimenta, Paulo Scott, Rafael Nolli, Renata Aquino da Silva, Ricardo Benevides, Rog\u00e9rio Robalinho (presidente de diversos festivais liter\u00e1rios em Pernambuco), Rosa Amanda Strauz, Rosiska Darcy de Oliveira, Ruy Castro, S\u00e9rgio Abranches, S\u00e9rgio Augusto, Silvana Gontijo, Simone Paulino, Taiane Santi Martins, Tino Freitas, Tom Farias, Trudru\u00e1 Dorrico e Yna\u00ea Lopes dos Santos.<\/p>\n\n\n\n<p><strong>Pr\u00eamio de Reda\u00e7\u00e3o &#8220;Arte, Literatura e Liberdade\u201d<br><\/strong>Em meio a uma rica programa\u00e7\u00e3o, haver\u00e1 tamb\u00e9m um pr\u00eamio de reda\u00e7\u00e3o que envolver\u00e1 todo o sistema educacional da cidade e regi\u00e3o, tendo como tema &#8220;Arte, Literatura e Liberdade&#8221;. Podem participar do concurso alunos de 4 a 18 anos, de escolas p\u00fablicas e privadas de Petr\u00f3polis. Ao todo, s\u00e3o cinco categorias (duas para \u201cdesenho\u201d e tr\u00eas para \u201creda\u00e7\u00e3o\u201d), sendo que cada uma conta com 1.\u00ba, 2.\u00ba e 3.\u00ba lugares. O objetivo do Pr\u00eamio \u00e9 revelar novos talentos liter\u00e1rios e incentivar os h\u00e1bitos de leitura e escrita. Os vencedores ser\u00e3o premiados em dinheiro, e os professores dos alunos premiados receber\u00e3o livros selecionados pela coordena\u00e7\u00e3o do Flipetr\u00f3polis. Mais informa\u00e7\u00f5es, assim como o regulamento do pr\u00eamio, folha de reda\u00e7\u00e3o e desenho e autoriza\u00e7\u00e3o de participa\u00e7\u00e3o, podem ser encontradas no site do Festival (www.flipetropolis.com.br).<\/p>\n\n\n\n<p><strong>Exposi\u00e7\u00e3o Portinari para Crian\u00e7as<br><\/strong>Em sua primeira edi\u00e7\u00e3o, o Flipetr\u00f3polis apresenta a exposi\u00e7\u00e3o Portinari para Crian\u00e7as, uma mostra que traz 42 obras do pintor Candido Portinari, um dos maiores nomes da arte brasileira. Os trabalhos selecionados trazem crian\u00e7as se divertindo e realizando atividades l\u00fadicas com seus brinquedos, por\u00e9m tamb\u00e9m representam as v\u00e1rias facetas que a inf\u00e2ncia pode ter, mostradas por obras que retratam quest\u00f5es sociais e culturais. A curadoria da exposi\u00e7\u00e3o \u00e9 de Jo\u00e3o Candido Portinari, fundador e diretor-geral do Projeto Portinari e Guilherme de Almeida, coordenador do N\u00facleo de Arte e Educa\u00e7\u00e3o do Projeto Portinari. Totens com as representa\u00e7\u00f5es dos trabalhos do artista est\u00e3o dispostos no Pal\u00e1cio de Cristal, mesmo local onde o Flipetr\u00f3polis ser\u00e1 realizado, e podem ser conferidos at\u00e9 o dia 5 de maio, data de encerramento do festival. As obras contam com QR Code para audiodescri\u00e7\u00e3o e libras.<\/p>\n\n\n\n<p><strong>Festival Liter\u00e1rio de Viola Caipira<br><\/strong>O I Flipetr\u00f3polis anuncia, em paralelo, o 2.\u00ba Festival Liter\u00e1rio de Viola Caipira. O evento que mistura viola caipira e literatura chega pela primeira vez ao munic\u00edpio fluminense. De 2 a 4 de maio, os m\u00fasicos Fabr\u00edcio Conde, Marcos Assun\u00e7\u00e3o e Marco Lobo, curador da programa\u00e7\u00e3o musical, far\u00e3o shows, semin\u00e1rios e noite de aut\u00f3grafos de seus livros. As performances dos m\u00fasicos acontecem sempre \u00e0s 22h, no Pal\u00e1cio de Cristal, seguidas de encontros em formato de semin\u00e1rio e bate-papo. Assim como toda a programa\u00e7\u00e3o do Flipetr\u00f3polis, o Festival Liter\u00e1rio de Viola Caipira tem entrada gratuita. O Festival teve sua primeira edi\u00e7\u00e3o em Itabira, em 2023, dentro da programa\u00e7\u00e3o do 3\u00ba Flitabira &#8211; Festival Liter\u00e1rio Internacional de Itabira.<\/p>\n\n\n\n<p><strong>Circuito Cultural de Gastronomia do Flipetr\u00f3polis<br><\/strong>O Flipetr\u00f3polis convida restaurantes, lanchonetes e foodtrucks petropolitanos e da regi\u00e3o para inscreverem seus estabelecimentos no Circuito Cultural de Gastronomia do Festival. Assim como os audit\u00f3rios, onde ser\u00e3o realizadas as palestras do Flipetr\u00f3polis, a \u00e1rea destinada \u00e0 gastronomia ser\u00e1 alocada no Pal\u00e1cio de Cristal, mesmo local onde est\u00e1 exposta a mostra educativa \u201cPortinari para Crian\u00e7as\u201d. As inscri\u00e7\u00f5es devem ser feitas at\u00e9 o dia 15 de abril clicando aqui.<\/p>\n\n\n\n<p><strong>Acessibilidade<br><\/strong>Todos os p\u00fablicos s\u00e3o bem-vindos ao Flipetr\u00f3polis e, por isso, h\u00e1 programa\u00e7\u00f5es espec\u00edficas para diferentes faixas et\u00e1rias, passando por crian\u00e7as, adolescentes e o p\u00fablico adulto. A fim de democratizar a participa\u00e7\u00e3o da popula\u00e7\u00e3o, o evento, incluindo a exposi\u00e7\u00e3o Portinari para Crian\u00e7as e as redes sociais do Flipetr\u00f3polis, conta com acessibilidade, incluindo rampas de acesso, espa\u00e7os reservados para pessoas com mobilidade reduzida, banheiros adaptados, int\u00e9rprete de libras, descri\u00e7\u00e3o audiovisual das obras da exposi\u00e7\u00e3o e placas indicativas.<\/p>\n\n\n\n<p>O Festival pode ser acompanhado nas redes sociais @flipetropolis, twitter.com\/Flipetr\u00f3polis e facebook.com\/flipetropolis, e pelo site www.flipetropolis.com.br, onde tamb\u00e9m \u00e9 poss\u00edvel encontrar a programa\u00e7\u00e3o completa do Flipetr\u00f3polis. Todas as atra\u00e7\u00f5es s\u00e3o gratuitas, por\u00e9m os ingressos devem ser reservados no site <a href=\"http:\/\/www.sympla.com.br\">www.sympla.com.br<\/a>.<\/p>\n\n\n\n<p>SERVI\u00c7O:<br>Festival Liter\u00e1rio Internacional de Petr\u00f3polis \u2013 Flipetr\u00f3polis<br>Data: De 1.\u00ba a 5 de maio de 2024, de quarta-feira a domingo<br>Local: Pal\u00e1cio de Cristal &#8211; R. Alfredo Pach\u00e1, s\/n &#8211; Centro, Petr\u00f3polis \/ Programa\u00e7\u00e3o Digital &#8211; YouTube, Instagram e Facebook \u2013 @flipetropolis<br>Site: www.flipetropolis.com.br<br>Retirada de ingressos: <a href=\"https:\/\/l1nk.dev\/yjuX6\" target=\"_blank\" rel=\"noreferrer noopener\">https:\/\/l1nk.dev\/yjuX6<\/a><br>Entrada gratuita<\/p>\n","protected":false},"excerpt":{"rendered":"<p>Carla Madeira, Djamila Ribeiro, Itamar Vieira Junior e Andrea Pach\u00e1 estar\u00e3o no Pal\u00e1cio _de Cristal<\/p>\n","protected":false},"author":1,"featured_media":30081,"comment_status":"closed","ping_status":"open","sticky":false,"template":"","format":"standard","meta":{"spay_email":"","footnotes":"","jetpack_publicize_message":""},"categories":[42],"tags":[],"jetpack_featured_media_url":"https:\/\/i2.wp.com\/jornaldeitaipava.com.br\/wp-content\/uploads\/2022\/07\/PALACIO-DE-CRISTAL.jpg?fit=1280%2C853&ssl=1","jetpack_publicize_connections":[],"jetpack_sharing_enabled":true,"jetpack_likes_enabled":true,"jetpack-related-posts":[],"_links":{"self":[{"href":"https:\/\/jornaldeitaipava.com.br\/index.php\/wp-json\/wp\/v2\/posts\/39219"}],"collection":[{"href":"https:\/\/jornaldeitaipava.com.br\/index.php\/wp-json\/wp\/v2\/posts"}],"about":[{"href":"https:\/\/jornaldeitaipava.com.br\/index.php\/wp-json\/wp\/v2\/types\/post"}],"author":[{"embeddable":true,"href":"https:\/\/jornaldeitaipava.com.br\/index.php\/wp-json\/wp\/v2\/users\/1"}],"replies":[{"embeddable":true,"href":"https:\/\/jornaldeitaipava.com.br\/index.php\/wp-json\/wp\/v2\/comments?post=39219"}],"version-history":[{"count":1,"href":"https:\/\/jornaldeitaipava.com.br\/index.php\/wp-json\/wp\/v2\/posts\/39219\/revisions"}],"predecessor-version":[{"id":39220,"href":"https:\/\/jornaldeitaipava.com.br\/index.php\/wp-json\/wp\/v2\/posts\/39219\/revisions\/39220"}],"wp:featuredmedia":[{"embeddable":true,"href":"https:\/\/jornaldeitaipava.com.br\/index.php\/wp-json\/wp\/v2\/media\/30081"}],"wp:attachment":[{"href":"https:\/\/jornaldeitaipava.com.br\/index.php\/wp-json\/wp\/v2\/media?parent=39219"}],"wp:term":[{"taxonomy":"category","embeddable":true,"href":"https:\/\/jornaldeitaipava.com.br\/index.php\/wp-json\/wp\/v2\/categories?post=39219"},{"taxonomy":"post_tag","embeddable":true,"href":"https:\/\/jornaldeitaipava.com.br\/index.php\/wp-json\/wp\/v2\/tags?post=39219"}],"curies":[{"name":"wp","href":"https:\/\/api.w.org\/{rel}","templated":true}]}}