{"id":39221,"date":"2024-04-10T10:33:56","date_gmt":"2024-04-10T13:33:56","guid":{"rendered":"http:\/\/jornaldeitaipava.com.br\/?p=39221"},"modified":"2024-04-10T10:35:25","modified_gmt":"2024-04-10T13:35:25","slug":"prefeitura-consegue-liminar-contra-lei-que-desvincula-taxa-de-iluminacao-publica-da-conta-de-luz","status":"publish","type":"post","link":"https:\/\/jornaldeitaipava.com.br\/index.php\/2024\/04\/10\/prefeitura-consegue-liminar-contra-lei-que-desvincula-taxa-de-iluminacao-publica-da-conta-de-luz\/","title":{"rendered":"Prefeitura consegue liminar contra lei que desvincula taxa de ilumina\u00e7\u00e3o p\u00fablica da conta de luz"},"content":{"rendered":"\n<p>O Tribunal de Justi\u00e7a do Rio de Janeiro &#8211; TJ-RJ &#8211; , concedeu uma liminar \u00e0 Prefeitura de Petr\u00f3polis, que pediu a suspens\u00e3o da Lei 8.716\/2024, promulgada em fevereiro pela C\u00e2mara Municipal, que desvinculava da conta de energia el\u00e9trica a taxa de ilumina\u00e7\u00e3o p\u00fablica.<br>A lei, de autoria do vereador Dudu, determina que as faturas de energia el\u00e9trica enviadas aos consumidores devem apresentar os valores e os c\u00f3digos de barras relativos ao consumo mensal de energia e \u00e0 contribui\u00e7\u00e3o de ilumina\u00e7\u00e3o p\u00fablica de maneira separada, permitindo que sejam quitados de maneira independente.<br>Na decis\u00e3o do TJ-RJ, o entendimento foi o da constitucionalidade da da cobran\u00e7a em apenas um boleto. Al\u00e9m disso, uma decis\u00e3o do ministro do Supremo Tribunal Federal, de 2021, considerou que munic\u00edpios de menor porte poderiam ter preju\u00edzos financeiros, pois aumentaria a inadimpl\u00eancia.<\/p>\n","protected":false},"excerpt":{"rendered":"<p>O Tribunal de Justi\u00e7a do Rio de Janeiro &#8211; TJ-RJ &#8211; , concedeu uma liminar<\/p>\n","protected":false},"author":1,"featured_media":10566,"comment_status":"closed","ping_status":"open","sticky":false,"template":"","format":"standard","meta":{"spay_email":"","footnotes":"","jetpack_publicize_message":""},"categories":[24],"tags":[],"jetpack_featured_media_url":"https:\/\/i0.wp.com\/jornaldeitaipava.com.br\/wp-content\/uploads\/2021\/02\/contas-luz.jpg?fit=971%2C575&ssl=1","jetpack_publicize_connections":[],"jetpack_sharing_enabled":true,"jetpack_likes_enabled":true,"jetpack-related-posts":[],"_links":{"self":[{"href":"https:\/\/jornaldeitaipava.com.br\/index.php\/wp-json\/wp\/v2\/posts\/39221"}],"collection":[{"href":"https:\/\/jornaldeitaipava.com.br\/index.php\/wp-json\/wp\/v2\/posts"}],"about":[{"href":"https:\/\/jornaldeitaipava.com.br\/index.php\/wp-json\/wp\/v2\/types\/post"}],"author":[{"embeddable":true,"href":"https:\/\/jornaldeitaipava.com.br\/index.php\/wp-json\/wp\/v2\/users\/1"}],"replies":[{"embeddable":true,"href":"https:\/\/jornaldeitaipava.com.br\/index.php\/wp-json\/wp\/v2\/comments?post=39221"}],"version-history":[{"count":2,"href":"https:\/\/jornaldeitaipava.com.br\/index.php\/wp-json\/wp\/v2\/posts\/39221\/revisions"}],"predecessor-version":[{"id":39223,"href":"https:\/\/jornaldeitaipava.com.br\/index.php\/wp-json\/wp\/v2\/posts\/39221\/revisions\/39223"}],"wp:featuredmedia":[{"embeddable":true,"href":"https:\/\/jornaldeitaipava.com.br\/index.php\/wp-json\/wp\/v2\/media\/10566"}],"wp:attachment":[{"href":"https:\/\/jornaldeitaipava.com.br\/index.php\/wp-json\/wp\/v2\/media?parent=39221"}],"wp:term":[{"taxonomy":"category","embeddable":true,"href":"https:\/\/jornaldeitaipava.com.br\/index.php\/wp-json\/wp\/v2\/categories?post=39221"},{"taxonomy":"post_tag","embeddable":true,"href":"https:\/\/jornaldeitaipava.com.br\/index.php\/wp-json\/wp\/v2\/tags?post=39221"}],"curies":[{"name":"wp","href":"https:\/\/api.w.org\/{rel}","templated":true}]}}