{"id":39225,"date":"2024-04-10T10:42:36","date_gmt":"2024-04-10T13:42:36","guid":{"rendered":"http:\/\/jornaldeitaipava.com.br\/?p=39225"},"modified":"2024-04-10T10:42:41","modified_gmt":"2024-04-10T13:42:41","slug":"chocoserra-2024-sera-de-19-a-23-de-abril-no-sesc-alpina-em-teresopolis","status":"publish","type":"post","link":"https:\/\/jornaldeitaipava.com.br\/index.php\/2024\/04\/10\/chocoserra-2024-sera-de-19-a-23-de-abril-no-sesc-alpina-em-teresopolis\/","title":{"rendered":"ChocoSerra 2024 ser\u00e1 de 19 a 23 de abril, no Sesc Alpina, em Teres\u00f3polis"},"content":{"rendered":"\n<p>A Prefeitura de Teres\u00f3polis, por meio da Secretaria Municipal de Cultura, est\u00e1 finalizando os preparativos para a realiza\u00e7\u00e3o do ChocoSerra 2023 \u2013 Festival do Chocolate em Teres\u00f3polis. O evento mais doce do ano acontecer\u00e1 de 20 a 23 de abril, no SESC Alpina, encerrando a Esta\u00e7\u00e3o Chocolate do calend\u00e1rio do Munic\u00edpio.<br>A programa\u00e7\u00e3o contar\u00e1 com stands de chocolate, gastronomia, shows, espa\u00e7o com artesanato e recrea\u00e7\u00e3o infantil. A entrada \u00e9 franca.<br>Durante 4 dias, os apreciadores poder\u00e3o degustar as mais variadas del\u00edcias \u00e0 base de cacau nos estandes. S\u00e3o bombons, trufas, brownies, mousses, pav\u00eas, biscoitos, tortas e bolos de pote, de todos os formatos e sabores.<br>\u201cO ChocoSerra&#8221; foi criado em 1997 para divulgar o chocolate artesanal do munic\u00edpio e incentivar a cadeia produtiva local, al\u00e9m de apresentar v\u00e1rias atra\u00e7\u00f5es art\u00edstico-culturais. \u00c9 um dos eventos gastron\u00f4micos mais importantes do munic\u00edpio, movimenta a cidade, traz visitantes de outras cidades, gerando e circulando renda para Teres\u00f3polis. Sempre agu\u00e7ando paladares e dando um charme especial ao friozinho da Serra, para deleite de visitantes, turistas e moradores. Convidamos a todos para participar, teresopolitanos e turistas\u201d, destacou o secret\u00e1rio de Cultura, Ricardo Guarilha.<br>O ChocoSerra conta com o apoio da Fecom\u00e9rcio RJ e do Sincom\u00e9rcio Teres\u00f3polis.<\/p>\n","protected":false},"excerpt":{"rendered":"<p>A Prefeitura de Teres\u00f3polis, por meio da Secretaria Municipal de Cultura, est\u00e1 finalizando os preparativos<\/p>\n","protected":false},"author":1,"featured_media":34367,"comment_status":"closed","ping_status":"open","sticky":false,"template":"","format":"standard","meta":{"spay_email":"","footnotes":"","jetpack_publicize_message":""},"categories":[42],"tags":[],"jetpack_featured_media_url":"https:\/\/i1.wp.com\/jornaldeitaipava.com.br\/wp-content\/uploads\/2023\/04\/choco.png?fit=876%2C425&ssl=1","jetpack_publicize_connections":[],"jetpack_sharing_enabled":true,"jetpack_likes_enabled":true,"jetpack-related-posts":[],"_links":{"self":[{"href":"https:\/\/jornaldeitaipava.com.br\/index.php\/wp-json\/wp\/v2\/posts\/39225"}],"collection":[{"href":"https:\/\/jornaldeitaipava.com.br\/index.php\/wp-json\/wp\/v2\/posts"}],"about":[{"href":"https:\/\/jornaldeitaipava.com.br\/index.php\/wp-json\/wp\/v2\/types\/post"}],"author":[{"embeddable":true,"href":"https:\/\/jornaldeitaipava.com.br\/index.php\/wp-json\/wp\/v2\/users\/1"}],"replies":[{"embeddable":true,"href":"https:\/\/jornaldeitaipava.com.br\/index.php\/wp-json\/wp\/v2\/comments?post=39225"}],"version-history":[{"count":1,"href":"https:\/\/jornaldeitaipava.com.br\/index.php\/wp-json\/wp\/v2\/posts\/39225\/revisions"}],"predecessor-version":[{"id":39226,"href":"https:\/\/jornaldeitaipava.com.br\/index.php\/wp-json\/wp\/v2\/posts\/39225\/revisions\/39226"}],"wp:featuredmedia":[{"embeddable":true,"href":"https:\/\/jornaldeitaipava.com.br\/index.php\/wp-json\/wp\/v2\/media\/34367"}],"wp:attachment":[{"href":"https:\/\/jornaldeitaipava.com.br\/index.php\/wp-json\/wp\/v2\/media?parent=39225"}],"wp:term":[{"taxonomy":"category","embeddable":true,"href":"https:\/\/jornaldeitaipava.com.br\/index.php\/wp-json\/wp\/v2\/categories?post=39225"},{"taxonomy":"post_tag","embeddable":true,"href":"https:\/\/jornaldeitaipava.com.br\/index.php\/wp-json\/wp\/v2\/tags?post=39225"}],"curies":[{"name":"wp","href":"https:\/\/api.w.org\/{rel}","templated":true}]}}