{"id":39263,"date":"2024-04-12T10:15:52","date_gmt":"2024-04-12T13:15:52","guid":{"rendered":"http:\/\/jornaldeitaipava.com.br\/?p=39263"},"modified":"2024-04-12T10:15:53","modified_gmt":"2024-04-12T13:15:53","slug":"prefeitura-realiza-dia-d-de-vacinacao-contra-influenza","status":"publish","type":"post","link":"https:\/\/jornaldeitaipava.com.br\/index.php\/2024\/04\/12\/prefeitura-realiza-dia-d-de-vacinacao-contra-influenza\/","title":{"rendered":"Prefeitura realiza Dia D de Vacina\u00e7\u00e3o contra influenza"},"content":{"rendered":"\n<p>No pr\u00f3ximo s\u00e1bado, (13), a Prefeitura, por meio da Secretaria de Sa\u00fade, promover\u00e1 o Dia D contra a Influenza (gripe). As vacinas estar\u00e3o dispon\u00edveis em 56 pontos de imuniza\u00e7\u00e3o, sendo 15 salas de vacina\u00e7\u00e3o, 27 unidades de sa\u00fade, 11 postos volantes e 3 pontos itinerantes. A campanha contra a influenza \u00e9 direciona aos grupos priorit\u00e1rios, entre eles, idosos, crian\u00e7as entre com idades entre 6 meses e 5 anos, professores, pessoas com defici\u00eancia, entre outros.<br>\u201cO Dia D contra a influenza visa mobilizar as pessoas sobre a import\u00e2ncia de se vacinar afim de evitar complica\u00e7\u00f5es causadas pelos v\u00edrus da gripe. Este ano, o Minist\u00e9rio da Sa\u00fade decidiu iniciar mais cedo a campanha devido ao aumento do n\u00famero de casos em diversas regi\u00f5es do Brasil. Ser\u00e3o 56 pontos de vacina\u00e7\u00e3o preparados para atender a nossa popula\u00e7\u00e3o. Estamos convocando todas as pessoas dos grupos priorit\u00e1rios a tomar essa dose de prote\u00e7\u00e3o\u201d, disse o prefeito Rubens Bomtempo.<br>A meta, segundo a Estrat\u00e9gia Nacional de Vacina\u00e7\u00e3o contra Influenza, \u00e9 imunizar ao menos 90% de cada um dos grupos priorit\u00e1rios para a vacina\u00e7\u00e3o durante toda a campanha, que se estende at\u00e9 o dia 31 de maio. Em Petr\u00f3polis, aproximadamente cerca de 130 mil pessoas est\u00e3o dentro do p\u00fablico-alvo.<br>\u201cNesta primeira semana de campanha, cerca de 9 mil pessoas foram vacinadas contra a gripe. Com a abertura das unidades e demais pontos de vacina\u00e7\u00e3o no s\u00e1bado, esperamos impulsionar este n\u00famero, j\u00e1 que quem n\u00e3o pode comparecer durante a semana ter\u00e1 a oportunidade de se dirigir a um dos pontos onde a vacina estar\u00e1 sendo ofertada\u201d, ressaltou o secret\u00e1rio de sa\u00fade, Marcus Curvelo.<\/p>\n\n\n\n<p>Parceria Cinemax<br>A Prefeitura ainda formalizou uma parceria com a rede Cinemax Mercado Esta\u00e7\u00e3o, onde funcionar\u00e1 um dos postos itinerantes. Todos que se vacinarem no local neste s\u00e1bado (dia D) receber\u00e3o uma cortesia para assistir qualquer filme, por tempo limitado.<\/p>\n\n\n\n<p>P\u00fablico alvo<br>Crian\u00e7as de seis meses a 5 anos, 11 meses e 29 dias \/ maiores de 60 anos \/ gestantes \/ pu\u00e9rperas \/ povos ind\u00edgenas \/ quilombolas \/ trabalhadores da \u00e1rea de sa\u00fade \/ pessoas com defici\u00eancia permanente a partir dos 12 anos \/ pessoas com comorbidades \/ professores\/ pessoas em situa\u00e7\u00e3o de rua \/ integrantes das for\u00e7as armadas, de seguran\u00e7a ou salvamento \/ agentes penitenci\u00e1rios\/ trabalhadores portu\u00e1rios\/ caminhoneiros e trabalhadores de transporte coletivo rodovi\u00e1rio urbano ou de longo curso.<br>Para se vacinar, \u00e9 preciso levar carteirinha de vacina (caso tenha), CPF e algum documento que comprove ser parte do p\u00fablico alvo. Para acamados os respons\u00e1veis devem solicitar a vacina\u00e7\u00e3o na unidade de sa\u00fade do SUS mais pr\u00f3xima de sua resid\u00eancia.<\/p>\n\n\n\n<p>LOCAIS E HOR\u00c1RIOS DE VACINA\u00c7\u00c3O<br>Unidades de Sa\u00fade<br>Das 8h \u00e0s 16h30<br>Ambulat\u00f3rio do Hospital Alcides Carneiro<br>Ambulat\u00f3rio Escola FMP\/FASE<br>Centro de Sa\u00fade Coletiva<br>Centro De Sa\u00fade Itamarati<br>UBS Morin<br>UBS Alto Independ\u00eancia<br>UBS Quitandinha<br>UBS Vicenzo Rivetti<br>UBS Bairro da Gl\u00f3ria<br>UBS Pedro Do Rio<br>UBS Araras<br>UBS Retiro<br>UBS Itaipava<br>UBS Mosela<br>PSF Posse<br>PSF Carangola<br>PSF Fazenda Inglesa<br>PSF Battailard<br>PSF Meio da Serra<br>PSF Castrioto<br>PSF 24 de Maio<br>PSF Caxambu Santa Isabel<br>PSF Caxambu II Luzitano<br>PSF Vila Felipe<br>PSF S\u00e3o Jo\u00e3o Batista<br>PSF Vila Rica<br>PSF Menino Jesus de Praga<br>PSF Pedras Brancas<br>PSF 1\u00ba de Maio<br>PSF Castelo S\u00e3o Manoel<br>PSF \u00c1guas Lindas<br>PSF Moinho Preto<br>PSF Alto Sim\u00e9ria<br>PSF Amazonas<br>PSF Jardim Salvador<br>PSF Sant\u00edssima Trindade<br>PSF Thouzet<br>PSF Oswaldo Cruz<br>PSF Via Sa\u00fade<\/p>\n\n\n\n<p>PSF Vale do Carangola (07h \u00e0s 16h)<br>PSF Vale das Videiras (07h30 \u00e0s 15h)<br>PSF Brejal (08h \u00e0s 15h)<\/p>\n\n\n\n<p>Postos Volantes<br>Das 8h30 \u00e0s 16h30<br>PSF Boa Vista<br>PSF Nova Cascatinha<br>PSF Estrada da Saudade<br>PSF Machado Fagundes<br>PSF Lajinha funcionar\u00e1 na Capela de Santa Luzia, Estrada das Arcas, pr\u00f3ximo ao<br>n\u00famero 1846, Lajinha<br>PSF Bonfim<br>PSF S\u00e3o Sebasti\u00e3o<br>PSF Alto da Serra<br>PSF Sargento Boening funcionar\u00e1 na Igreja Sagrada Fam\u00edlia, Estrada do Para\u00edso n\u00ba<br>663, Castel\u00e2nea<br>PSF Boa Esperan\u00e7a<br>PSF Secret\u00e1rio funcionar\u00e1 na Igreja Crist\u00e3 Maranata. Rua Visconde S\u00e3o Bernardo s\/n<\/p>\n\n\n\n<p>Pontos itinerantes<br>Parque de Exposi\u00e7\u00f5es Itaipava &#8211; 10h \u00e0s 15h<br>Cinemax Mercado Esta\u00e7\u00e3o &#8211; 10h \u00e0s 15h<br>P\u00e1tio Petr\u00f3polis Shopping &#8211; 10h \u00e0s 16h<\/p>\n","protected":false},"excerpt":{"rendered":"<p>No pr\u00f3ximo s\u00e1bado, (13), a Prefeitura, por meio da Secretaria de Sa\u00fade, promover\u00e1 o Dia<\/p>\n","protected":false},"author":1,"featured_media":39264,"comment_status":"closed","ping_status":"open","sticky":false,"template":"","format":"standard","meta":{"spay_email":"","footnotes":"","jetpack_publicize_message":""},"categories":[24],"tags":[],"jetpack_featured_media_url":"https:\/\/i0.wp.com\/jornaldeitaipava.com.br\/wp-content\/uploads\/2024\/04\/WhatsApp-Image-2024-04-10-at-17.11.18.jpeg?fit=1599%2C1408&ssl=1","jetpack_publicize_connections":[],"jetpack_sharing_enabled":true,"jetpack_likes_enabled":true,"jetpack-related-posts":[],"_links":{"self":[{"href":"https:\/\/jornaldeitaipava.com.br\/index.php\/wp-json\/wp\/v2\/posts\/39263"}],"collection":[{"href":"https:\/\/jornaldeitaipava.com.br\/index.php\/wp-json\/wp\/v2\/posts"}],"about":[{"href":"https:\/\/jornaldeitaipava.com.br\/index.php\/wp-json\/wp\/v2\/types\/post"}],"author":[{"embeddable":true,"href":"https:\/\/jornaldeitaipava.com.br\/index.php\/wp-json\/wp\/v2\/users\/1"}],"replies":[{"embeddable":true,"href":"https:\/\/jornaldeitaipava.com.br\/index.php\/wp-json\/wp\/v2\/comments?post=39263"}],"version-history":[{"count":1,"href":"https:\/\/jornaldeitaipava.com.br\/index.php\/wp-json\/wp\/v2\/posts\/39263\/revisions"}],"predecessor-version":[{"id":39265,"href":"https:\/\/jornaldeitaipava.com.br\/index.php\/wp-json\/wp\/v2\/posts\/39263\/revisions\/39265"}],"wp:featuredmedia":[{"embeddable":true,"href":"https:\/\/jornaldeitaipava.com.br\/index.php\/wp-json\/wp\/v2\/media\/39264"}],"wp:attachment":[{"href":"https:\/\/jornaldeitaipava.com.br\/index.php\/wp-json\/wp\/v2\/media?parent=39263"}],"wp:term":[{"taxonomy":"category","embeddable":true,"href":"https:\/\/jornaldeitaipava.com.br\/index.php\/wp-json\/wp\/v2\/categories?post=39263"},{"taxonomy":"post_tag","embeddable":true,"href":"https:\/\/jornaldeitaipava.com.br\/index.php\/wp-json\/wp\/v2\/tags?post=39263"}],"curies":[{"name":"wp","href":"https:\/\/api.w.org\/{rel}","templated":true}]}}