{"id":39266,"date":"2024-04-12T10:17:37","date_gmt":"2024-04-12T13:17:37","guid":{"rendered":"http:\/\/jornaldeitaipava.com.br\/?p=39266"},"modified":"2024-04-12T10:17:38","modified_gmt":"2024-04-12T13:17:38","slug":"prefeitura-e-ministerio-dos-direitos-humanos-debatem-desapropriacao-da-casa-da-morte","status":"publish","type":"post","link":"https:\/\/jornaldeitaipava.com.br\/index.php\/2024\/04\/12\/prefeitura-e-ministerio-dos-direitos-humanos-debatem-desapropriacao-da-casa-da-morte\/","title":{"rendered":"Prefeitura e Minist\u00e9rio dos Direitos Humanos debatem desapropria\u00e7\u00e3o da Casa da Morte"},"content":{"rendered":"\n<p>A Prefeitura e o Minist\u00e9rio dos Direitos Humanos e da Cidadania realizaram, na tarde desta quinta-feira (11), uma reuni\u00e3o de trabalho para debater a a\u00e7\u00e3o de desapropria\u00e7\u00e3o do im\u00f3vel conhecido como \u201cCasa da Morte\u201d, no Caxambu.<br>O objetivo \u00e9 que munic\u00edpio e o minist\u00e9rio pactuem um conv\u00eanio que viabilize verbas para a desapropria\u00e7\u00e3o do im\u00f3vel e a cria\u00e7\u00e3o de um memorial.<br>A reuni\u00e3o foi realizada na sede da Prefeitura, na Avenida Koeler, e participaram: Marcus S\u00e3o Thiago (secret\u00e1rio de Governo), Miguel Barreto (procurador-geral do Munic\u00edpio), Gustavo Fontana Pedrollo (consultor jur\u00eddico do Minist\u00e9rios dos Direitos Humanos e da Cidadania) e Isadora Montes Neves (representando a Secretaria de Planejamento).<br>\u201cEm 3 meses de reuni\u00f5es e a\u00e7\u00f5es concretas, avan\u00e7amos muito. Vontade pol\u00edtica \u00e9 tudo. O governo Rubens Bomtempo, diversas entidades da sociedade civil e o Minist\u00e9rio dos Direitos Humanos querem, de fato, transformar aquela casa em um memorial de Liberdade, Verdade e Justi\u00e7a, para a preserva\u00e7\u00e3o da democracia e dos direitos humanos em nosso pa\u00eds e no mundo\u201d, disse o secret\u00e1rio Marcus S\u00e3o Thiago.<br>A Casa da Morte \u00e9 apontada como um equipamento usado durante o per\u00edodo da Ditadura Militar no pa\u00eds (1964 a 1985), para tortura e morte de presos pol\u00edticos. Ela funcionava na Rua Arthur Barbosa, 50, Caxambu.<\/p>\n\n\n\n<p><strong>A\u00e7\u00e3o de desapropria\u00e7\u00e3o<br><\/strong>Em janeiro, a Prefeitura protocolou, na 4\u00aa Vara C\u00edvel de Petr\u00f3polis, a\u00e7\u00e3o de desapropria\u00e7\u00e3o do im\u00f3vel.<br>Com a desapropria\u00e7\u00e3o e o apoio do Minist\u00e9rio P\u00fablico Federal e do Minist\u00e9rio dos Direitos Humanos, a Prefeitura buscar criar no local o Memorial de Liberdade, Verdade e Justi\u00e7a, com o objetivo de preserva\u00e7\u00e3o e repara\u00e7\u00e3o da hist\u00f3ria, para que crimes como os que ocorreram no per\u00edodo da Ditadura Militar nunca mais ocorram.<br>A inten\u00e7\u00e3o da Prefeitura \u00e9 que a UFF (Universidade Federal Fluminense) assuma a gest\u00e3o do Memorial a ser criado, para que ele seja gerido de forma aut\u00f4noma, pela Universidade e a sociedade civil, independentemente de governos.<\/p>\n","protected":false},"excerpt":{"rendered":"<p>A Prefeitura e o Minist\u00e9rio dos Direitos Humanos e da Cidadania realizaram, na tarde desta<\/p>\n","protected":false},"author":1,"featured_media":39267,"comment_status":"closed","ping_status":"open","sticky":false,"template":"","format":"standard","meta":{"spay_email":"","footnotes":"","jetpack_publicize_message":""},"categories":[2],"tags":[],"jetpack_featured_media_url":"https:\/\/i2.wp.com\/jornaldeitaipava.com.br\/wp-content\/uploads\/2024\/04\/WhatsApp-Image-2024-04-12-at-10.15.55-scaled.jpeg?fit=2560%2C1920&ssl=1","jetpack_publicize_connections":[],"jetpack_sharing_enabled":true,"jetpack_likes_enabled":true,"jetpack-related-posts":[],"_links":{"self":[{"href":"https:\/\/jornaldeitaipava.com.br\/index.php\/wp-json\/wp\/v2\/posts\/39266"}],"collection":[{"href":"https:\/\/jornaldeitaipava.com.br\/index.php\/wp-json\/wp\/v2\/posts"}],"about":[{"href":"https:\/\/jornaldeitaipava.com.br\/index.php\/wp-json\/wp\/v2\/types\/post"}],"author":[{"embeddable":true,"href":"https:\/\/jornaldeitaipava.com.br\/index.php\/wp-json\/wp\/v2\/users\/1"}],"replies":[{"embeddable":true,"href":"https:\/\/jornaldeitaipava.com.br\/index.php\/wp-json\/wp\/v2\/comments?post=39266"}],"version-history":[{"count":1,"href":"https:\/\/jornaldeitaipava.com.br\/index.php\/wp-json\/wp\/v2\/posts\/39266\/revisions"}],"predecessor-version":[{"id":39268,"href":"https:\/\/jornaldeitaipava.com.br\/index.php\/wp-json\/wp\/v2\/posts\/39266\/revisions\/39268"}],"wp:featuredmedia":[{"embeddable":true,"href":"https:\/\/jornaldeitaipava.com.br\/index.php\/wp-json\/wp\/v2\/media\/39267"}],"wp:attachment":[{"href":"https:\/\/jornaldeitaipava.com.br\/index.php\/wp-json\/wp\/v2\/media?parent=39266"}],"wp:term":[{"taxonomy":"category","embeddable":true,"href":"https:\/\/jornaldeitaipava.com.br\/index.php\/wp-json\/wp\/v2\/categories?post=39266"},{"taxonomy":"post_tag","embeddable":true,"href":"https:\/\/jornaldeitaipava.com.br\/index.php\/wp-json\/wp\/v2\/tags?post=39266"}],"curies":[{"name":"wp","href":"https:\/\/api.w.org\/{rel}","templated":true}]}}