{"id":39269,"date":"2024-04-12T10:19:00","date_gmt":"2024-04-12T13:19:00","guid":{"rendered":"http:\/\/jornaldeitaipava.com.br\/?p=39269"},"modified":"2024-04-12T10:19:01","modified_gmt":"2024-04-12T13:19:01","slug":"criacao-do-programa-direito-na-escola-e-aprovada-na-camara","status":"publish","type":"post","link":"https:\/\/jornaldeitaipava.com.br\/index.php\/2024\/04\/12\/criacao-do-programa-direito-na-escola-e-aprovada-na-camara\/","title":{"rendered":"Cria\u00e7\u00e3o do Programa Direito na Escola \u00e9 aprovada na C\u00e2mara"},"content":{"rendered":"\n<p>A C\u00e2mara aprovou na sess\u00e3o desta quarta-feira (10) a cria\u00e7\u00e3o do Programa \u201cDireito na Escola\u201d, que tem como objetivo oferecer, preferencialmente em parceira com a Ordem dos Advogados do Brasil (OAB), aulas de no\u00e7\u00f5es de Direito e Cidadania no contraturno das escolas municipais, atendendo as crian\u00e7as a partir do quinto ano do Ensino Fundamental. A iniciativa \u00e9 do vereador Marcelo Chit\u00e3o.<br>De acordo com o projeto aprovado, a carga hor\u00e1ria das palestras ser\u00e1 de uma hora aula semanal, observando os conte\u00fados program\u00e1ticos e as determina\u00e7\u00f5es do Minist\u00e9rio da Educa\u00e7\u00e3o, incluindo temas como direitos e garantias fundamentais, princ\u00edpios fundamentais da rep\u00fablica e tamb\u00e9m no\u00e7\u00f5es de direito civil, direito penal, direito constitucional, direito ambiental, direito do consumidor, direito trabalhista, direito tribut\u00e1rio, direito previdenci\u00e1rio e direito eleitoral.<br>O projeto tamb\u00e9m determina que o profissional respons\u00e1vel pelas palestras dever\u00e1 ser graduado em Direito, com forma\u00e7\u00e3o em institui\u00e7\u00e3o reconhecida pelo Minist\u00e9rio da Educa\u00e7\u00e3o. O programa ser\u00e1 oferecido de forma gratuita e sem v\u00ednculo contratual ou empregat\u00edcio entre munic\u00edpio e profissional palestrante.<br>-Ao ensinar no\u00e7\u00f5es de direito aos alunos das escolas municipais, n\u00f3s contribu\u00edmos para a forma\u00e7\u00e3o de seus direitos e deveres da vida em sociedade. O que queremos para nossas crian\u00e7as \u00e9 o pleno desenvolvimento, o preparo para o exerc\u00edcio da cidadania e a qualifica\u00e7\u00e3o para o trabalho -, destaca Chit\u00e3o.<br>O projeto segue para avalia\u00e7\u00e3o do poder executivo municipal.<\/p>\n","protected":false},"excerpt":{"rendered":"<p>A C\u00e2mara aprovou na sess\u00e3o desta quarta-feira (10) a cria\u00e7\u00e3o do Programa \u201cDireito na Escola\u201d,<\/p>\n","protected":false},"author":1,"featured_media":39270,"comment_status":"closed","ping_status":"open","sticky":false,"template":"","format":"standard","meta":{"spay_email":"","footnotes":"","jetpack_publicize_message":""},"categories":[2],"tags":[],"jetpack_featured_media_url":"https:\/\/i2.wp.com\/jornaldeitaipava.com.br\/wp-content\/uploads\/2024\/04\/WhatsApp-Image-2024-04-10-at-15.25.10.jpeg?fit=1600%2C1066&ssl=1","jetpack_publicize_connections":[],"jetpack_sharing_enabled":true,"jetpack_likes_enabled":true,"jetpack-related-posts":[],"_links":{"self":[{"href":"https:\/\/jornaldeitaipava.com.br\/index.php\/wp-json\/wp\/v2\/posts\/39269"}],"collection":[{"href":"https:\/\/jornaldeitaipava.com.br\/index.php\/wp-json\/wp\/v2\/posts"}],"about":[{"href":"https:\/\/jornaldeitaipava.com.br\/index.php\/wp-json\/wp\/v2\/types\/post"}],"author":[{"embeddable":true,"href":"https:\/\/jornaldeitaipava.com.br\/index.php\/wp-json\/wp\/v2\/users\/1"}],"replies":[{"embeddable":true,"href":"https:\/\/jornaldeitaipava.com.br\/index.php\/wp-json\/wp\/v2\/comments?post=39269"}],"version-history":[{"count":1,"href":"https:\/\/jornaldeitaipava.com.br\/index.php\/wp-json\/wp\/v2\/posts\/39269\/revisions"}],"predecessor-version":[{"id":39271,"href":"https:\/\/jornaldeitaipava.com.br\/index.php\/wp-json\/wp\/v2\/posts\/39269\/revisions\/39271"}],"wp:featuredmedia":[{"embeddable":true,"href":"https:\/\/jornaldeitaipava.com.br\/index.php\/wp-json\/wp\/v2\/media\/39270"}],"wp:attachment":[{"href":"https:\/\/jornaldeitaipava.com.br\/index.php\/wp-json\/wp\/v2\/media?parent=39269"}],"wp:term":[{"taxonomy":"category","embeddable":true,"href":"https:\/\/jornaldeitaipava.com.br\/index.php\/wp-json\/wp\/v2\/categories?post=39269"},{"taxonomy":"post_tag","embeddable":true,"href":"https:\/\/jornaldeitaipava.com.br\/index.php\/wp-json\/wp\/v2\/tags?post=39269"}],"curies":[{"name":"wp","href":"https:\/\/api.w.org\/{rel}","templated":true}]}}