{"id":39272,"date":"2024-04-12T10:21:34","date_gmt":"2024-04-12T13:21:34","guid":{"rendered":"http:\/\/jornaldeitaipava.com.br\/?p=39272"},"modified":"2024-04-12T10:21:35","modified_gmt":"2024-04-12T13:21:35","slug":"prefeitura-e-representantes-dos-quiosqueiros-fecham-acordo-para-atuacao-dos-comerciantes-na-praia-das-conchas-em-cabo-frio","status":"publish","type":"post","link":"https:\/\/jornaldeitaipava.com.br\/index.php\/2024\/04\/12\/prefeitura-e-representantes-dos-quiosqueiros-fecham-acordo-para-atuacao-dos-comerciantes-na-praia-das-conchas-em-cabo-frio\/","title":{"rendered":"Prefeitura e representantes dos quiosqueiros fecham acordo para atua\u00e7\u00e3o dos comerciantes na Praia das Conchas, em Cabo Frio"},"content":{"rendered":"\n<p>A Prefeitura de Cabo Frio selou um acordo com os advogados que representam os quiosques da Praia das Conchas, para que os comerciantes que atuam no local, e que ter\u00e3o os quiosques demolidos no fim do m\u00eas, possam trabalhar na faixa de areia, logo ap\u00f3s o processo demoli\u00e7\u00e3o e limpeza do espa\u00e7o. Seguindo o cronograma j\u00e1 em vig\u00eancia, a demoli\u00e7\u00e3o dos quiosques segue mantida para o dia 30 de abril, cumprindo a atual determina\u00e7\u00e3o judicial.<br>A reuni\u00e3o aconteceu na manh\u00e3 desta quinta-feira (11), com a participa\u00e7\u00e3o da Secretaria de Obras e Saneamento, Procuradoria Geral e tamb\u00e9m dos representantes jur\u00eddicos dos quiosqueiros.<br>\u201cNosso objetivo com essa reuni\u00e3o era conseguir uma alternativa que pudesse contemplar esses quiosqueiros, dando uma possibilidade para que eles possam continuar trabalhando e tirando o sustento, agora fazendo um uso dessa faixa de areia, com ordenamento e seguran\u00e7a. No fim do m\u00eas faremos a demoli\u00e7\u00e3o, inicialmente de quatro quiosques, e logo ap\u00f3s a limpeza com a retirada dos escombros eles ter\u00e3o como trabalhar novamente, mas em outros moldes comerciais na Praia das Conchas\u201d, disse Marcella Sant\u2019Anna, representante da Prefeitura.<br>Os moldes de atua\u00e7\u00e3o comercial dos quiosqueiros na praia, como quantidade de kits de mesas e guarda-s\u00f3is e padroniza\u00e7\u00e3o, ser\u00e3o definidos pela Prefeitura, para que os espa\u00e7os sejam utilizados de forma ordenada e sem causar desassist\u00eancia aos comerciantes. Durante a reuni\u00e3o foi definido ainda que a Prefeitura vai refor\u00e7ar a ilumina\u00e7\u00e3o p\u00fablica no local, para melhorar a seguran\u00e7a na \u00e1rea.<\/p>\n","protected":false},"excerpt":{"rendered":"<p>A Prefeitura de Cabo Frio selou um acordo com os advogados que representam os quiosques<\/p>\n","protected":false},"author":1,"featured_media":39273,"comment_status":"closed","ping_status":"open","sticky":false,"template":"","format":"standard","meta":{"spay_email":"","footnotes":"","jetpack_publicize_message":""},"categories":[5],"tags":[],"jetpack_featured_media_url":"https:\/\/i0.wp.com\/jornaldeitaipava.com.br\/wp-content\/uploads\/2024\/04\/cab.jpeg?fit=1024%2C576&ssl=1","jetpack_publicize_connections":[],"jetpack_sharing_enabled":true,"jetpack_likes_enabled":true,"jetpack-related-posts":[],"_links":{"self":[{"href":"https:\/\/jornaldeitaipava.com.br\/index.php\/wp-json\/wp\/v2\/posts\/39272"}],"collection":[{"href":"https:\/\/jornaldeitaipava.com.br\/index.php\/wp-json\/wp\/v2\/posts"}],"about":[{"href":"https:\/\/jornaldeitaipava.com.br\/index.php\/wp-json\/wp\/v2\/types\/post"}],"author":[{"embeddable":true,"href":"https:\/\/jornaldeitaipava.com.br\/index.php\/wp-json\/wp\/v2\/users\/1"}],"replies":[{"embeddable":true,"href":"https:\/\/jornaldeitaipava.com.br\/index.php\/wp-json\/wp\/v2\/comments?post=39272"}],"version-history":[{"count":1,"href":"https:\/\/jornaldeitaipava.com.br\/index.php\/wp-json\/wp\/v2\/posts\/39272\/revisions"}],"predecessor-version":[{"id":39274,"href":"https:\/\/jornaldeitaipava.com.br\/index.php\/wp-json\/wp\/v2\/posts\/39272\/revisions\/39274"}],"wp:featuredmedia":[{"embeddable":true,"href":"https:\/\/jornaldeitaipava.com.br\/index.php\/wp-json\/wp\/v2\/media\/39273"}],"wp:attachment":[{"href":"https:\/\/jornaldeitaipava.com.br\/index.php\/wp-json\/wp\/v2\/media?parent=39272"}],"wp:term":[{"taxonomy":"category","embeddable":true,"href":"https:\/\/jornaldeitaipava.com.br\/index.php\/wp-json\/wp\/v2\/categories?post=39272"},{"taxonomy":"post_tag","embeddable":true,"href":"https:\/\/jornaldeitaipava.com.br\/index.php\/wp-json\/wp\/v2\/tags?post=39272"}],"curies":[{"name":"wp","href":"https:\/\/api.w.org\/{rel}","templated":true}]}}