{"id":39275,"date":"2024-04-12T10:42:13","date_gmt":"2024-04-12T13:42:13","guid":{"rendered":"http:\/\/jornaldeitaipava.com.br\/?p=39275"},"modified":"2024-04-12T10:42:14","modified_gmt":"2024-04-12T13:42:14","slug":"trade-turistico-e-forcas-policiais-alinham-planejamento-para-manter-petropolis-como-cidade-mais-segura-do-estado","status":"publish","type":"post","link":"https:\/\/jornaldeitaipava.com.br\/index.php\/2024\/04\/12\/trade-turistico-e-forcas-policiais-alinham-planejamento-para-manter-petropolis-como-cidade-mais-segura-do-estado\/","title":{"rendered":"Trade tur\u00edstico e for\u00e7as policiais alinham planejamento para manter Petr\u00f3polis como cidade mais segura do Estado"},"content":{"rendered":"\n<p>Reuni\u00e3o teve a presen\u00e7a das policiais civil e militar, PRF, SSOP, GC e Conselho Comunit\u00e1rio de Seguran\u00e7a<br>Um dos t\u00edtulos mais importantes de Petr\u00f3polis \u00e9 ser considerada a cidade mais segura do Estado. E manter esse status \u00e9 um trabalho permanente de preven\u00e7\u00e3o. Com essa premissa, o Petr\u00f3polis Convention &amp; Visitors Bureau se reuniu com os comandos das for\u00e7as de seguran\u00e7a da cidade, estreitando relacionamento e mantendo atualizado o planejamento que as institui\u00e7\u00f5es preveem para a cidade. Foram abordados temas como fortalecimento da seguran\u00e7a nos distritos e ainda a passagem de caminh\u00f5es de grande porte na Serra de Petr\u00f3polis em hor\u00e1rios de grande movimento. O encontro foi realizado na quarta-feira (10), no Hotel Pedra Bonita.<br>\u201cO trabalho estrat\u00e9gico, de intelig\u00eancia, feito em Petr\u00f3polis \u00e9 muito reconhecido, assim como o policiamento ostensivo. Essa combina\u00e7\u00e3o mant\u00e9m a cidade segura. As for\u00e7as de seguran\u00e7a est\u00e3o muito comprometidas em manter essa posi\u00e7\u00e3o que a cidade ocupa. A meta \u00e9 que o setor empresarial tenha proximidade com as institui\u00e7\u00f5es e acompanhe de perto as a\u00e7\u00f5es\u201d, avalia o presidente do Petr\u00f3polis Convention, Samir el Ghaoui.<br>O PC&amp;VB se comprometeu a enviar um of\u00edcio \u00e0 Concer, que administra a BR-040 no trecho entre Rio e Juiz de Fora, solicitando fiscaliza\u00e7\u00e3o e aplica\u00e7\u00e3o da Resolu\u00e7\u00e3o 3.997\/2013, publicada pela Ag\u00eancia Nacional de Transportes Terrestres (ANTT), que restringe caminh\u00f5es de tr\u00eas eixos ou mais na subida da serra de Petr\u00f3polis em hor\u00e1rios espec\u00edficos. A portaria pro\u00edbe o tr\u00e1fego dos caminh\u00f5es nas sextas-feiras e v\u00e9speras de feriados, no hor\u00e1rio compreendido entre 16 horas e 22 horas, e aos s\u00e1bados, no hor\u00e1rio entre as 08 horas e as 14 horas.<br>\u201cEstamos \u00e0s v\u00e9speras da melhor temporada da cidade, mas j\u00e1 no outono h\u00e1 expectativa de bom movimento tur\u00edstico. Assim, al\u00e9m da manuten\u00e7\u00e3o das pistas e apoio ao usu\u00e1rio, \u00e9 preciso observar estas restri\u00e7\u00f5es que d\u00e3o mais fluidez e seguran\u00e7a ao visitante\u201d, afirma o diretor de Hotelaria do PC&amp;VB, Fabiano Barros.<br>A reuni\u00e3o teve a presen\u00e7a do secret\u00e1rio de Seguran\u00e7a, Servi\u00e7os e Ordem P\u00fablica, Elias Montes; do delegado Victor Barbosa da 106\u00aa Delegacia de Pol\u00edcia, acompanhado do inspetor Carlos Vieira, chefe de investiga\u00e7\u00f5es criminais; do comandante do 26\u00ba BPM, tenente-coronel, Alex Soliva, acompanhado da tenente \u00darsula; od comandante da Guarda Civil Municipal, Edgar Theobald; de Christian Louren\u00e7o, chefe da Delegacia da Pol\u00edcia Rodovi\u00e1ria Federal, em Tr\u00eas Rios, e Guilherme Lacombe, presidente da Conselho Comunit\u00e1rio de Seguran\u00e7a. Tamb\u00e9m participou o gerente executivo do PC&amp;VB, Marco Muller.<\/p>\n","protected":false},"excerpt":{"rendered":"<p>Reuni\u00e3o teve a presen\u00e7a das policiais civil e militar, PRF, SSOP, GC e Conselho Comunit\u00e1rio<\/p>\n","protected":false},"author":1,"featured_media":39276,"comment_status":"closed","ping_status":"open","sticky":false,"template":"","format":"standard","meta":{"spay_email":"","footnotes":"","jetpack_publicize_message":""},"categories":[24],"tags":[],"jetpack_featured_media_url":"https:\/\/i0.wp.com\/jornaldeitaipava.com.br\/wp-content\/uploads\/2024\/04\/Reuniao-com-as-forcas-de-seguranca-2.jpeg?fit=1137%2C734&ssl=1","jetpack_publicize_connections":[],"jetpack_sharing_enabled":true,"jetpack_likes_enabled":true,"jetpack-related-posts":[],"_links":{"self":[{"href":"https:\/\/jornaldeitaipava.com.br\/index.php\/wp-json\/wp\/v2\/posts\/39275"}],"collection":[{"href":"https:\/\/jornaldeitaipava.com.br\/index.php\/wp-json\/wp\/v2\/posts"}],"about":[{"href":"https:\/\/jornaldeitaipava.com.br\/index.php\/wp-json\/wp\/v2\/types\/post"}],"author":[{"embeddable":true,"href":"https:\/\/jornaldeitaipava.com.br\/index.php\/wp-json\/wp\/v2\/users\/1"}],"replies":[{"embeddable":true,"href":"https:\/\/jornaldeitaipava.com.br\/index.php\/wp-json\/wp\/v2\/comments?post=39275"}],"version-history":[{"count":1,"href":"https:\/\/jornaldeitaipava.com.br\/index.php\/wp-json\/wp\/v2\/posts\/39275\/revisions"}],"predecessor-version":[{"id":39277,"href":"https:\/\/jornaldeitaipava.com.br\/index.php\/wp-json\/wp\/v2\/posts\/39275\/revisions\/39277"}],"wp:featuredmedia":[{"embeddable":true,"href":"https:\/\/jornaldeitaipava.com.br\/index.php\/wp-json\/wp\/v2\/media\/39276"}],"wp:attachment":[{"href":"https:\/\/jornaldeitaipava.com.br\/index.php\/wp-json\/wp\/v2\/media?parent=39275"}],"wp:term":[{"taxonomy":"category","embeddable":true,"href":"https:\/\/jornaldeitaipava.com.br\/index.php\/wp-json\/wp\/v2\/categories?post=39275"},{"taxonomy":"post_tag","embeddable":true,"href":"https:\/\/jornaldeitaipava.com.br\/index.php\/wp-json\/wp\/v2\/tags?post=39275"}],"curies":[{"name":"wp","href":"https:\/\/api.w.org\/{rel}","templated":true}]}}