{"id":39278,"date":"2024-04-12T12:09:33","date_gmt":"2024-04-12T15:09:33","guid":{"rendered":"http:\/\/jornaldeitaipava.com.br\/?p=39278"},"modified":"2024-04-12T12:09:34","modified_gmt":"2024-04-12T15:09:34","slug":"tre-rj-convoca-4-milhoes-de-eleitores-para-fazer-biometria","status":"publish","type":"post","link":"https:\/\/jornaldeitaipava.com.br\/index.php\/2024\/04\/12\/tre-rj-convoca-4-milhoes-de-eleitores-para-fazer-biometria\/","title":{"rendered":"TRE-RJ convoca 4 milh\u00f5es de eleitores para fazer biometria"},"content":{"rendered":"\n<p>O presidente do Tribunal Regional Eleitoral do Rio de Janeiro (TRE-RJ), desembargador Henrique Carlos de Andrade Figueira, usou as emissoras de televis\u00e3o abertas do estado, nessa quarta-feira (10), para convocar os eleitores fluminenses a fazerem a biometria.<br>O objetivo da Justi\u00e7a Eleitoral \u00e9 ter 100% dos eleitores do estado cadastrados com a biometria, que envolve o reconhecimento da identidade por meio da leitura da impress\u00e3o digital.<br>Segundo o TRE-RJ, mais de 4 milh\u00f5es de eleitores, ou um ter\u00e7o do total, n\u00e3o t\u00eam seus dados biom\u00e9tricos cadastrados na Justi\u00e7a Eleitoral. \u201cA biometria faz parte do cuidado da Justi\u00e7a Eleitoral com a seguran\u00e7a da elei\u00e7\u00e3o. A coleta das digitais aumenta a garantia do eleitor e de todos os atores envolvidos no processo eleitoral, al\u00e9m de evitar filas no dia da elei\u00e7\u00e3o\u201d, afirmou Figueira, no pronunciamento oficial.<br>Quem ainda n\u00e3o teve sua digital coletada deve procurar um dos 165 cart\u00f3rios eleitorais do estado ou uma das 18 centrais de atendimento ao eleitor. Os postos funcionam de segunda a sexta-feira, das 11h \u00e0s 17h.<br>Tamb\u00e9m \u00e9 poss\u00edvel tirar d\u00favidas no Disque TRE-RJ, pelo telefone (21) 3436-9000. O prazo para o cadastramento se encerra em 8 de maio. Para saber se j\u00e1 tem sua impress\u00e3o digital cadastrada, o eleitor pode se informar no site do TRE.<br>Segundo o Tribunal Superior Eleitoral (TSE), para os eleitores que estiverem tirando o t\u00edtulo pela primeira vez, a impress\u00e3o digital ser\u00e1 obrigatoriamente coletada. Para os demais eleitores, a biometria ainda n\u00e3o ser\u00e1 obrigat\u00f3ria na vota\u00e7\u00e3o na pr\u00f3xima elei\u00e7\u00e3o, que ocorrer\u00e1 em outubro deste ano.<br>O dia 8 de maio tamb\u00e9m marca o fim do prazo para qualquer altera\u00e7\u00e3o no cadastro eleitoral ou mudan\u00e7a de local de vota\u00e7\u00e3o. Servi\u00e7os que n\u00e3o envolvam a coleta de biometria podem ser feitos pelo site T\u00edtulo Net.<\/p>\n\n\n\n<p>Da Ag\u00eancia Brasil<\/p>\n","protected":false},"excerpt":{"rendered":"<p>O presidente do Tribunal Regional Eleitoral do Rio de Janeiro (TRE-RJ), desembargador Henrique Carlos de<\/p>\n","protected":false},"author":1,"featured_media":39279,"comment_status":"closed","ping_status":"open","sticky":false,"template":"","format":"standard","meta":{"spay_email":"","footnotes":"","jetpack_publicize_message":""},"categories":[9],"tags":[],"jetpack_featured_media_url":"https:\/\/i0.wp.com\/jornaldeitaipava.com.br\/wp-content\/uploads\/2024\/04\/urna-biometria.png?fit=912%2C504&ssl=1","jetpack_publicize_connections":[],"jetpack_sharing_enabled":true,"jetpack_likes_enabled":true,"jetpack-related-posts":[],"_links":{"self":[{"href":"https:\/\/jornaldeitaipava.com.br\/index.php\/wp-json\/wp\/v2\/posts\/39278"}],"collection":[{"href":"https:\/\/jornaldeitaipava.com.br\/index.php\/wp-json\/wp\/v2\/posts"}],"about":[{"href":"https:\/\/jornaldeitaipava.com.br\/index.php\/wp-json\/wp\/v2\/types\/post"}],"author":[{"embeddable":true,"href":"https:\/\/jornaldeitaipava.com.br\/index.php\/wp-json\/wp\/v2\/users\/1"}],"replies":[{"embeddable":true,"href":"https:\/\/jornaldeitaipava.com.br\/index.php\/wp-json\/wp\/v2\/comments?post=39278"}],"version-history":[{"count":1,"href":"https:\/\/jornaldeitaipava.com.br\/index.php\/wp-json\/wp\/v2\/posts\/39278\/revisions"}],"predecessor-version":[{"id":39280,"href":"https:\/\/jornaldeitaipava.com.br\/index.php\/wp-json\/wp\/v2\/posts\/39278\/revisions\/39280"}],"wp:featuredmedia":[{"embeddable":true,"href":"https:\/\/jornaldeitaipava.com.br\/index.php\/wp-json\/wp\/v2\/media\/39279"}],"wp:attachment":[{"href":"https:\/\/jornaldeitaipava.com.br\/index.php\/wp-json\/wp\/v2\/media?parent=39278"}],"wp:term":[{"taxonomy":"category","embeddable":true,"href":"https:\/\/jornaldeitaipava.com.br\/index.php\/wp-json\/wp\/v2\/categories?post=39278"},{"taxonomy":"post_tag","embeddable":true,"href":"https:\/\/jornaldeitaipava.com.br\/index.php\/wp-json\/wp\/v2\/tags?post=39278"}],"curies":[{"name":"wp","href":"https:\/\/api.w.org\/{rel}","templated":true}]}}