{"id":39316,"date":"2024-04-16T13:14:09","date_gmt":"2024-04-16T16:14:09","guid":{"rendered":"http:\/\/jornaldeitaipava.com.br\/?p=39316"},"modified":"2024-04-16T13:14:10","modified_gmt":"2024-04-16T16:14:10","slug":"festa-do-tomate-ja-tem-ingressos-a-venda","status":"publish","type":"post","link":"https:\/\/jornaldeitaipava.com.br\/index.php\/2024\/04\/16\/festa-do-tomate-ja-tem-ingressos-a-venda\/","title":{"rendered":"Festa do Tomate j\u00e1 tem ingressos \u00e0 venda"},"content":{"rendered":"\n<p>Paty do Alferes se prepara para realizar sua principal evento, a Festa do Tomate, que anualmente leva \u00e0 cidade milhares de pessoas. Nesta edi\u00e7\u00e3o de 2024, est\u00e3o previstos dois finais de semana com shows com grandes nomes do cen\u00e1rio musical atual como Nattan, Mari Fernandes, Felipe Ret, Thiaguinho, L7, Jorge e Mateus, Sorriso Maroto, Ana Castela, Thiago Martins e muito mais. Palco FM O Dia: Mr Dan, Doce Encontro, Bom Gosto e Rodriguinho.<br>Al\u00e9m dos shows noturnos, a Festa do Tomate oferece uma extensa programa\u00e7\u00e3o durante todo o dia, com feira de artesanato, parque de divers\u00e3o, fazendinha, concursos e exposi\u00e7\u00e3o de produtos agr\u00edcolas e shows infantis.<\/p>\n\n\n\n<p>Os ingressos j\u00e1 est\u00e3o \u00e0 venda e podem ser adquiridos atrav\u00e9s do site https:\/\/www.ingresse.com\/festa-do-tomate\/<\/p>\n\n\n\n<p>Confira a programa\u00e7\u00e3o em detalhes.<br>Dia 24\/05: Nattan, Mari Fernandes, Felipe Ret e Dj Kvsh no palco principal e Mr Dan no palco Fm O Dia.<\/p>\n\n\n\n<p>Dia 25\/05: Manu Batid\u00e3o, Thiaguinho, L7nnon e Papatinho no palco principal e Doce Encontro no palco Fm O Dia.<\/p>\n\n\n\n<p>Dia 31\/05: Sorriso Maroto, Jorge &amp; Mateus, Matu\u00ea e Pedro Sampaio no palco principal e Bom Gosto no palco Fm O Dia.<\/p>\n\n\n\n<p>Dia 01\/06: Ana Castela, Delacruz e Kevin o Cris no palco principal e Rodriguinho no palco Fm O Dia.<\/p>\n\n\n\n<p>Local: Parque de Exposi\u00e7\u00f5es Amaury Monteiro Pullig \u2013 Paty do Alferes<\/p>\n","protected":false},"excerpt":{"rendered":"<p>Paty do Alferes se prepara para realizar sua principal evento, a Festa do Tomate, que<\/p>\n","protected":false},"author":1,"featured_media":39317,"comment_status":"closed","ping_status":"open","sticky":false,"template":"","format":"standard","meta":{"spay_email":"","footnotes":"","jetpack_publicize_message":""},"categories":[42],"tags":[],"jetpack_featured_media_url":"https:\/\/i2.wp.com\/jornaldeitaipava.com.br\/wp-content\/uploads\/2024\/04\/WhatsApp-Image-2024-04-11-at-15.29.50.jpeg?fit=569%2C277&ssl=1","jetpack_publicize_connections":[],"jetpack_sharing_enabled":true,"jetpack_likes_enabled":true,"jetpack-related-posts":[],"_links":{"self":[{"href":"https:\/\/jornaldeitaipava.com.br\/index.php\/wp-json\/wp\/v2\/posts\/39316"}],"collection":[{"href":"https:\/\/jornaldeitaipava.com.br\/index.php\/wp-json\/wp\/v2\/posts"}],"about":[{"href":"https:\/\/jornaldeitaipava.com.br\/index.php\/wp-json\/wp\/v2\/types\/post"}],"author":[{"embeddable":true,"href":"https:\/\/jornaldeitaipava.com.br\/index.php\/wp-json\/wp\/v2\/users\/1"}],"replies":[{"embeddable":true,"href":"https:\/\/jornaldeitaipava.com.br\/index.php\/wp-json\/wp\/v2\/comments?post=39316"}],"version-history":[{"count":1,"href":"https:\/\/jornaldeitaipava.com.br\/index.php\/wp-json\/wp\/v2\/posts\/39316\/revisions"}],"predecessor-version":[{"id":39318,"href":"https:\/\/jornaldeitaipava.com.br\/index.php\/wp-json\/wp\/v2\/posts\/39316\/revisions\/39318"}],"wp:featuredmedia":[{"embeddable":true,"href":"https:\/\/jornaldeitaipava.com.br\/index.php\/wp-json\/wp\/v2\/media\/39317"}],"wp:attachment":[{"href":"https:\/\/jornaldeitaipava.com.br\/index.php\/wp-json\/wp\/v2\/media?parent=39316"}],"wp:term":[{"taxonomy":"category","embeddable":true,"href":"https:\/\/jornaldeitaipava.com.br\/index.php\/wp-json\/wp\/v2\/categories?post=39316"},{"taxonomy":"post_tag","embeddable":true,"href":"https:\/\/jornaldeitaipava.com.br\/index.php\/wp-json\/wp\/v2\/tags?post=39316"}],"curies":[{"name":"wp","href":"https:\/\/api.w.org\/{rel}","templated":true}]}}