{"id":39322,"date":"2024-04-16T13:22:13","date_gmt":"2024-04-16T16:22:13","guid":{"rendered":"http:\/\/jornaldeitaipava.com.br\/?p=39322"},"modified":"2024-04-16T13:22:14","modified_gmt":"2024-04-16T16:22:14","slug":"festival-do-chocolate-de-teresopolis-tera-shows-gastronomia-e-recreacao-infantil","status":"publish","type":"post","link":"https:\/\/jornaldeitaipava.com.br\/index.php\/2024\/04\/16\/festival-do-chocolate-de-teresopolis-tera-shows-gastronomia-e-recreacao-infantil\/","title":{"rendered":"Festival do Chocolate de Teres\u00f3polis ter\u00e1 shows, gastronomia e recrea\u00e7\u00e3o infantil"},"content":{"rendered":"\n<p>Est\u00e1 chegando o feriado de Tiradentes e com ele o evento mais doce do ano: o ChocoSerra. O Festival do Chocolate de Teres\u00f3polis, que integra a Esta\u00e7\u00e3o Chocolate, come\u00e7a nesta sexta, 19, com abertura oficial \u00e0s 17h, e segue at\u00e9 ter\u00e7a, 23, no Sesc Alpina, com uma encantadora decora\u00e7\u00e3o tem\u00e1tica. Na programa\u00e7\u00e3o, shows de bandas locais, gastronomia e espa\u00e7o para recrea\u00e7\u00e3o infantil. A entrada \u00e9 franca!<br>Promovido pela Prefeitura, por meio da Secretaria Municipal de Cultura, o evento conta com o apoio da Fecom\u00e9rcio\/RJ e do Sincom\u00e9rcio Teres\u00f3polis.<\/p>\n\n\n\n<p><strong>CONFIRA A PROGRAMA\u00c7\u00c3O:<\/strong><\/p>\n\n\n\n<p><strong>19 DE ABRIL (SEXTA-FEIRA)<br><\/strong>\u00b7 17h, Abertura do evento: Leandro Lopes (saxofonista)<br>\u00b7 18h, Show Yug Werneck e Banda<br>\u00b7 20h, Show Isa &amp; Ju<\/p>\n\n\n\n<p><strong>20 DE ABRIL (S\u00c1BADO)<br><\/strong>\u00b7 13h, Abertura do evento: Oziel Silva (sax solo)<br>\u00b7 16h, Show \u201cCan\u00e7\u00f5es do Roberto\u201d, com Z\u00e9 Rezende<br>\u00b7 18h, Show Isa &amp; Ju<br>\u00b7 20h, Show Rodrigo Veiga e convidados &#8211; Arthur Liory e Naraiane Sebah.<\/p>\n\n\n\n<p>Espa\u00e7o Infantil<br>\u00b7 14h, Pintura<br>\u00b7 15h, Teatro Infantil \u201cOs Tr\u00eas Porquinhos\u201d &#8211; Grupo Hocus Pocus<br>\u00b7 19h, Sambur\u00e1 de hist\u00f3rias \u2013 Oficinas de artes, conta\u00e7\u00e3o de hist\u00f3rias e sorteio de livros.<\/p>\n\n\n\n<p><strong>21 DE ABRIL (DOMINGO)<br><\/strong>\u00b7 13h, Abertura do evento: Oziel Silva (sax solo)<br>\u00b7 18h, Show Card\u00e1pio Musical<br>\u00b7 20h, Show Sonoro e Banda<\/p>\n\n\n\n<p>Espa\u00e7o Infantil<br>\u00b7 14h, Pintura<br>\u00b7 15h, Show Variedades Circenses \u2013 Trupe Circunflexo, palha\u00e7os Fiapo e Gordofreda<br>\u00b7 19h, Espet\u00e1culo \u201cO Chiclete\u201d &#8211; Grupo Pirueta Arte e Cultura<\/p>\n\n\n\n<p><strong>22 DE ABRIL (SEGUNDA)<br><\/strong>\u00b7 13h, Abertura do evento: Leandro Lopes (saxofonista)<br>\u00b7 18h, Show Rodrigo Veiga e convidados &#8211; Toni Costa e Patr\u00edcia Ara\u00fajo.<br>\u00b7 20h, Show Card\u00e1pio Musical<br>\u00b7 Coelhos animados e exposi\u00e7\u00e3o da feira de artesanato da Teres\u00f3polis Artes Manuais<\/p>\n\n\n\n<p>Espa\u00e7o Infantil<br>\u00b7 14h, Pintura<br>\u00b7 15h, Sambur\u00e1 de hist\u00f3rias \u2013 Oficinas de artes, conta\u00e7\u00e3o de hist\u00f3rias e sorteio de livros.<br>\u00b7 17h, Recrea\u00e7\u00e3o<br>\u00b7 19h, Teatro \u201cO Gato de Botas\u201d &#8211; Grupo Hocus Pocus.<\/p>\n\n\n\n<p><strong>23 DE ABRIL (TER\u00c7A)<br><\/strong>\u00b7 13h, Abertura do evento: Max Miranda (violinista)<br>\u00b7 17h, Show P\u00e2mela Rezende<br>\u00b7 19h, Show Yug Werneck e Banda<\/p>\n\n\n\n<p>Espa\u00e7o Infantil<br>\u00b7 13h, Pintura<br>\u00b7 14h, Espet\u00e1culo \u201cO Chiclete\u201d &#8211; Grupo Pirueta Arte e Cultura<br>\u00b7 18h, Show Variedades Circenses \u2013 Trupe Circunflexo, palha\u00e7os Fiapo e Gordofreda<\/p>\n","protected":false},"excerpt":{"rendered":"<p>Est\u00e1 chegando o feriado de Tiradentes e com ele o evento mais doce do ano:<\/p>\n","protected":false},"author":1,"featured_media":39323,"comment_status":"closed","ping_status":"open","sticky":false,"template":"","format":"standard","meta":{"spay_email":"","footnotes":"","jetpack_publicize_message":""},"categories":[42],"tags":[],"jetpack_featured_media_url":"https:\/\/i0.wp.com\/jornaldeitaipava.com.br\/wp-content\/uploads\/2024\/04\/230425chocopub.jpg?fit=583%2C375&ssl=1","jetpack_publicize_connections":[],"jetpack_sharing_enabled":true,"jetpack_likes_enabled":true,"jetpack-related-posts":[],"_links":{"self":[{"href":"https:\/\/jornaldeitaipava.com.br\/index.php\/wp-json\/wp\/v2\/posts\/39322"}],"collection":[{"href":"https:\/\/jornaldeitaipava.com.br\/index.php\/wp-json\/wp\/v2\/posts"}],"about":[{"href":"https:\/\/jornaldeitaipava.com.br\/index.php\/wp-json\/wp\/v2\/types\/post"}],"author":[{"embeddable":true,"href":"https:\/\/jornaldeitaipava.com.br\/index.php\/wp-json\/wp\/v2\/users\/1"}],"replies":[{"embeddable":true,"href":"https:\/\/jornaldeitaipava.com.br\/index.php\/wp-json\/wp\/v2\/comments?post=39322"}],"version-history":[{"count":1,"href":"https:\/\/jornaldeitaipava.com.br\/index.php\/wp-json\/wp\/v2\/posts\/39322\/revisions"}],"predecessor-version":[{"id":39324,"href":"https:\/\/jornaldeitaipava.com.br\/index.php\/wp-json\/wp\/v2\/posts\/39322\/revisions\/39324"}],"wp:featuredmedia":[{"embeddable":true,"href":"https:\/\/jornaldeitaipava.com.br\/index.php\/wp-json\/wp\/v2\/media\/39323"}],"wp:attachment":[{"href":"https:\/\/jornaldeitaipava.com.br\/index.php\/wp-json\/wp\/v2\/media?parent=39322"}],"wp:term":[{"taxonomy":"category","embeddable":true,"href":"https:\/\/jornaldeitaipava.com.br\/index.php\/wp-json\/wp\/v2\/categories?post=39322"},{"taxonomy":"post_tag","embeddable":true,"href":"https:\/\/jornaldeitaipava.com.br\/index.php\/wp-json\/wp\/v2\/tags?post=39322"}],"curies":[{"name":"wp","href":"https:\/\/api.w.org\/{rel}","templated":true}]}}