{"id":39325,"date":"2024-04-16T13:25:08","date_gmt":"2024-04-16T16:25:08","guid":{"rendered":"http:\/\/jornaldeitaipava.com.br\/?p=39325"},"modified":"2024-04-16T13:25:09","modified_gmt":"2024-04-16T16:25:09","slug":"flipetropolis-apresenta-o-projeto-pao-e-poesia","status":"publish","type":"post","link":"https:\/\/jornaldeitaipava.com.br\/index.php\/2024\/04\/16\/flipetropolis-apresenta-o-projeto-pao-e-poesia\/","title":{"rendered":"Flipetr\u00f3polis apresenta o projeto \u201cP\u00e3o e Poesia\u201d"},"content":{"rendered":"\n<p>Em seu ano de estreia, o Festival Liter\u00e1rio Internacional de Petr\u00f3polis \u2013 Flipetr\u00f3polis \u2013 prop\u00f5e levar literatura \u00e0 casa dos moradores da cidade no per\u00edodo que antecede o evento. Trata-se do projeto &#8220;P\u00e3o e Poesia&#8221; no qual algumas padarias do munic\u00edpio embalam os p\u00e3es em sacos de p\u00e3o de um, tr\u00eas e cinco quilos, personalizados com poesias. Os poemas impressos s\u00e3o de Ana Maria Machado e Concei\u00e7\u00e3o Evaristo, autoras homenageadas do Festival, e de M\u00e1rio Quintana.<br>Foram distribu\u00eddas, no total, cerca de 30 mil embalagens. Al\u00e9m de divulgar o Festival, que acontece entre os dias 1.\u00ba e 5 de maio de modo presencial e digital, a a\u00e7\u00e3o tem por objetivo levar a literatura ao cotidiano dos petropolitanos.\u00a0Ao combinar a distribui\u00e7\u00e3o desses sacos de p\u00e3o em padarias e estabelecimentos locais, o projeto alcan\u00e7a um p\u00fablico diversificado, tenha ele contato frequente com a poesia ou n\u00e3o. Essa abordagem democratiza o acesso \u00e0 literatura, permitindo que as pessoas descubram a beleza das palavras num contexto inesperado do cotidiano.<br>A primeira edi\u00e7\u00e3o do Flipetr\u00f3polis \u00e9 viabilizada pela parceria com a Prefeitura de Petr\u00f3polis, o patroc\u00ednio do Grupo \u00c1guas do Brasil e o apoio cultural do Ita\u00fa e da GE Aerospace, via Lei Rouanet do Minist\u00e9rio da Cultura.\u00a0A curadoria geral \u00e9 de Afonso Borges, respons\u00e1vel pelos j\u00e1 consolidados Festivais Liter\u00e1rios Internacionais de Arax\u00e1 (Fliarax\u00e1), Paracatu (Fliparacatu) e Itabira (Flitabira) e do Sempre Um Papo, fundado em Belo horizonte, fundado h\u00e1 38 anos.\u00a0<\/p>\n\n\n\n<p><strong>Confira os poemas impressos nos sacos de p\u00e3es da primeira edi\u00e7\u00e3o do Flipetr\u00f3polis:\u00a0<\/strong><\/p>\n\n\n\n<p>Do livro \u201c\u00c1gua viva\u201d, de Ana Maria Machado:<br>\u00c1gua-viva<br>quando morre<br>fica sendo<br>\u00e1gua-morta?<br>Ou \u00e1gua s\u00f3?<br>\u201cMeia l\u00e1grima\u201d, do livro \u201cPoemas da recorda\u00e7\u00e3o e outros movimentos\u201d, de Concei\u00e7\u00e3o Evaristo:<br>N\u00e3o,<br>a \u00e1gua n\u00e3o me escorre<br>entre os dedos,<br>tenho as m\u00e3os em concha<br>e no c\u00f4ncavo de minhas palmas<br>meia gota me basta.<br>\u201cDas utopias\u201d, do livro \u201cEspelho m\u00e1gico\u201d, de Mario Quintana:<br>Se as coisas s\u00e3o inating\u00edveis\u2026 ora!<br>N\u00e3o \u00e9 motivo para n\u00e3o quer\u00ea-las\u2026<br>Que tristes os caminhos, se n\u00e3o fora<br>A presen\u00e7a distante das estrelas!<\/p>\n\n\n\n<p><br><strong>Confira abaixo os estabelecimentos que participam do projeto P\u00e3o e Poesia:<br><\/strong>1.\u00a0Panifica\u00e7\u00e3o Figueirinha (Rua Mosela, 644)<br>2.\u00a0Trigo Nobre (Rua Dr. Paulo Herv\u00e9, 1304)\u00a0<br>3.\u00a0Conval \u2013 Confeitaria Valpara\u00edso (Rua Gon\u00e7alves Dias, 440)<br>4.\u00a0Padaria Sonho dos P\u00e3es (Rua Jo\u00e3o Caetano, 5)<br>5.\u00a0Padaria Le\u00e3o (Rua Quissam\u00e3, 1600)<br>6.\u00a0Padaria Ella\u2019s (Estrada Philuvio Cerqueira Rodrigues, Itaipava)<br>7.\u00a0Padaria Esquina do P\u00e3o (R. Epit\u00e1cio Pessoa, 100 \u2013 Centro)<br>8.\u00a0Sabor de Correas (Rua Vig\u00e1rio Correas, 31)<br>9.\u00a0Panificadora Ana Carmelina (Av. Leopoldina, 380 &#8211; Nogueira)<br>10.\u00a0Trigo Nobre (Rua Mosela, 1914)<br>11.\u00a0Padoca do Retiro (Rua Dr. Hermog\u00eanio Silva, 47)<br>12.\u00a0Padaria Pamequita (Av. Get\u00falio Vargas, s\/n)<br>13.\u00a0Rainha de Bonsucesso (Estr. Uni\u00e3o e Ind\u00fastria, 8430)<br>14.\u00a0Panificadora Leopoldina (Av. Leopoldina, 1300)<br>15.\u00a0Artes\u00e3o do Trigo (Estr. Uni\u00e3o e Ind\u00fastria, 14409)<br>16.\u00a0Padaria e Confeitaria Rei do P\u00e3o(R. Mosela,574)<br>17.\u00a0Val March\u00e9 Petr\u00f3polis (Rua Gon\u00e7alves Dias, 537 &#8211; Valpara\u00edso)<br>18.\u00a0Emp\u00f3rio Seu Nogueira( Avenida Leopoldina, 469 \u2013 Nogueira)<br>19.\u00a0Lanchonete e Padaria Serj\u00e3o e M\u00f4nica (Estrada Uni\u00e3o Ind\u00fastria,9480 \u2013 Itaipava)\u00a0<br>20.\u00a0Restaurante e Padaria MIGS (Pra\u00e7a Luiz Furtado da Rocha, lj49 \u2013 Corr\u00eaas)\u00a0<br>21.\u00a0Caf\u00e9 e Padaria Quental (Estrada Uni\u00e3o Ind\u00fastria, 2342 \u2013 Corr\u00eaas)<br>22.\u00a0Padaria Samambaia (R.H\u00edvio Naliato,770 \u2013 Cascatinha)\u00a0<br>23.\u00a0Padaria e Lanchonete Esquina da Bar\u00e3o( Av. Bar\u00e3o do Rio Branco, 1843 \u2013 Centro)\u00a0<br>24.\u00a0Padaria e Lanchonete Roseiral (R. Virg\u00edlio de S\u00e1 Pereira J\u00fanior \u2013 Roseiral)<br>25.\u00a0Padaria Vale do Cuiab\u00e1 (Estrada Ministro Salgado Filho, 5235 \u2013 Cuiab\u00e1)<br>26.\u00a0Padaria e Confeitaria A Massa Artesanal(Rua Quissam\u00e3 \u2013 Cascatinha)<br>27.\u00a0Boutique do P\u00e3o (Rua 16 de Mar\u00e7o,52 \u2013 Centro)<br>28.\u00a0Padaria e Confeitaria San Laurent (Rua Montecaseros, 208)<br>29.\u00a0Padaria e Confeitaria San Laurent (Rua 16 de Mar\u00e7o, 218 \u2013 Centro)<br>30.\u00a0Padaria MIGS (Rua do Imperador, 779 \u2013 Centro)<br>31.\u00a0Padaria e Confeitaria Sul Am\u00e9rica (Rua do Imperador, 1033 \u2013 Centro)<br>32.\u00a0Panetteria Petr\u00f3polis (Rua Gon\u00e7alves Dias, 660 \u2013 Valpara\u00edso)<br>33.\u00a0Padaria e Confeitaria Rarou\u2019s (Rua Paulino Afanso,389 \u2013 Vila Militar)<br>34.\u00a0Super Bingen Petr\u00f3polis (Rua Dr. Paulo Herv\u00ea,36 \u2013 Bingen)<br>35.\u00a0Padaria Estilo do P\u00e3o (Rua Thereza, 1729)\u00a0<br>36\u2022\u00a0Padaria Morin (Av. Gen. Marciano Magalh\u00e3es, 1075)\u00a0<br>37 \u2022\u00a0Padaria Duas Pontes (Rua Saldanha Marinho, 53)<br>38\u2022 Padaria e Mercearia Rivetti (Rua Vicenzo Rivetti, 827)<br>39\u2022 Padaria Vila Militar\u00a0(Rua Duque de Caxias, 209)\u00a0<\/p>\n\n\n\n<p><strong>Servi\u00e7o:<br><\/strong>Festival Liter\u00e1rio Internacional de Petr\u00f3polis \u2013 Flipetr\u00f3polis<br>De 1.\u00ba a 5 de maio de 2024, de quarta-feira a domingo<br>Local: Programa\u00e7\u00e3o presencial no Pal\u00e1cio de Cristal (R. Alfredo Pach\u00e1, s\/n \u2013 Centro), e programa\u00e7\u00e3o digital no YouTube, Instagram e Facebook \u2013 @flipetropolis<br>Entrada gratuita<br>Informa\u00e7\u00f5es: @flipetropolis &#8211;\u00a0<a href=\"http:\/\/www.flipetropolis.com.br\">www.flipetropolis.com.br<\/a><\/p>\n","protected":false},"excerpt":{"rendered":"<p>Em seu ano de estreia, o Festival Liter\u00e1rio Internacional de Petr\u00f3polis \u2013 Flipetr\u00f3polis \u2013 prop\u00f5e<\/p>\n","protected":false},"author":1,"featured_media":39326,"comment_status":"closed","ping_status":"open","sticky":false,"template":"","format":"standard","meta":{"spay_email":"","footnotes":"","jetpack_publicize_message":""},"categories":[1],"tags":[],"jetpack_featured_media_url":"https:\/\/i1.wp.com\/jornaldeitaipava.com.br\/wp-content\/uploads\/2024\/04\/WhatsApp-Image-2024-04-15-at-19.06.08.jpeg?fit=1600%2C1143&ssl=1","jetpack_publicize_connections":[],"jetpack_sharing_enabled":true,"jetpack_likes_enabled":true,"jetpack-related-posts":[],"_links":{"self":[{"href":"https:\/\/jornaldeitaipava.com.br\/index.php\/wp-json\/wp\/v2\/posts\/39325"}],"collection":[{"href":"https:\/\/jornaldeitaipava.com.br\/index.php\/wp-json\/wp\/v2\/posts"}],"about":[{"href":"https:\/\/jornaldeitaipava.com.br\/index.php\/wp-json\/wp\/v2\/types\/post"}],"author":[{"embeddable":true,"href":"https:\/\/jornaldeitaipava.com.br\/index.php\/wp-json\/wp\/v2\/users\/1"}],"replies":[{"embeddable":true,"href":"https:\/\/jornaldeitaipava.com.br\/index.php\/wp-json\/wp\/v2\/comments?post=39325"}],"version-history":[{"count":1,"href":"https:\/\/jornaldeitaipava.com.br\/index.php\/wp-json\/wp\/v2\/posts\/39325\/revisions"}],"predecessor-version":[{"id":39327,"href":"https:\/\/jornaldeitaipava.com.br\/index.php\/wp-json\/wp\/v2\/posts\/39325\/revisions\/39327"}],"wp:featuredmedia":[{"embeddable":true,"href":"https:\/\/jornaldeitaipava.com.br\/index.php\/wp-json\/wp\/v2\/media\/39326"}],"wp:attachment":[{"href":"https:\/\/jornaldeitaipava.com.br\/index.php\/wp-json\/wp\/v2\/media?parent=39325"}],"wp:term":[{"taxonomy":"category","embeddable":true,"href":"https:\/\/jornaldeitaipava.com.br\/index.php\/wp-json\/wp\/v2\/categories?post=39325"},{"taxonomy":"post_tag","embeddable":true,"href":"https:\/\/jornaldeitaipava.com.br\/index.php\/wp-json\/wp\/v2\/tags?post=39325"}],"curies":[{"name":"wp","href":"https:\/\/api.w.org\/{rel}","templated":true}]}}