{"id":39328,"date":"2024-04-16T13:27:23","date_gmt":"2024-04-16T16:27:23","guid":{"rendered":"http:\/\/jornaldeitaipava.com.br\/?p=39328"},"modified":"2024-04-16T13:27:24","modified_gmt":"2024-04-16T16:27:24","slug":"dia-d-contra-a-influenza-imunizou-mais-de-6-700-pessoas-vacinacao-continua","status":"publish","type":"post","link":"https:\/\/jornaldeitaipava.com.br\/index.php\/2024\/04\/16\/dia-d-contra-a-influenza-imunizou-mais-de-6-700-pessoas-vacinacao-continua\/","title":{"rendered":"Dia D contra a influenza imunizou mais de 6.700 pessoas; vacina\u00e7\u00e3o continua"},"content":{"rendered":"\n<p>No s\u00e1bado (13), 58 locais, entre unidade de sa\u00fade e pontos volantes de vacina\u00e7\u00e3o, ofertaram a vacina contra a influenza (gripe) para o p\u00fablico alvo. A Prefeitura, por meio da Divis\u00e3o de Imuniza\u00e7\u00e3o da Secretaria de Sa\u00fade, vacinou 6.706 pessoas ao longo do dia. A campanha da gripe continua at\u00e9 31 de maio em 41 unidades de sa\u00fade do munic\u00edpio.<br>A vacina em 2024 \u00e9 destinada a proteger contra a Influenza A (H1N1), Influenza A (H3N2) e Influenza B. A vacina\u00e7\u00e3o \u00e9 anual, por isso, mesmo que a pessoa tenha se vacinado no ano passado, tamb\u00e9m deve se vacinar neste ano.<br>\u201cTivemos um dia de grande mobiliza\u00e7\u00e3o com a oferta da vacina em v\u00e1rios pontos do munic\u00edpio afim de facilitar o acesso do p\u00fablico alvo ao imunizante. \u00c9 preciso destacar a import\u00e2ncia desta dose de prote\u00e7\u00e3o, principalmente para os idosos e as crian\u00e7as, j\u00e1 que com a vacina, as chances de agravamento dos sintomas da gripe e interna\u00e7\u00f5es s\u00e3o reduzidas.\u201d, disse o prefeito Rubens Bomtempo.<br>O Dia D contou com a presen\u00e7a do Z\u00e9 Gotinha e da Maria Gotinha, que percorreram v\u00e1rias unidades de sa\u00fade para estimular as crian\u00e7as a se vacinar. Os pequenos tamb\u00e9m ganharam o Certificado da Coragem ap\u00f3s receber a dose. Pouco mais de mil crian\u00e7as foram vacinadas no s\u00e1bado.<br>\u201cNo p\u00fablico alvo est\u00e3o as crian\u00e7as a partir dos seis meses de vida at\u00e9 seis anos incompletos. Ressaltamos que, para as crian\u00e7as que est\u00e3o tomando a vacina pela primeira vez, a dose dever\u00e1 ser repetida em 30 dias\u201d, explicou secret\u00e1rio de Sa\u00fade, Marcus Curvelo.<br>\u201cO Z\u00e9 Gotinha e a Maria Gotinha s\u00e3o personagens s\u00edmbolo da vacina\u00e7\u00e3o e foram criados para estimular as crian\u00e7as a aceitarem a vacina. Eles nos ajudam muito com o grupo infantil, tranquilizando os pequenos\u201d, contou Marcus Curvelo.<br>A meta do Minist\u00e9rio da Sa\u00fade e imunizar, pelo menos, 90% de cada um dos grupos priorit\u00e1rios: crian\u00e7as, gestantes, pu\u00e9rperas, idosos com 60 anos e mais, povos ind\u00edgenas, professores e trabalhadores da sa\u00fade.<br>\u201cEste ano a campanha foi antecipada pelo Minist\u00e9rio da Sa\u00fade para que no inverno, todos j\u00e1 estejam protegidos. \u00c9 importante que as pessoas do grupo priorit\u00e1rio busquem uma das 41 unidades de sa\u00fade que estamos disponibilizando para se vacinarem o quanto antes. A vacina\u00e7\u00e3o antes do inverno \u00e9 fundamental para que estejam protegidos.\u201d, disse Thayene Valera, chefe da Divis\u00e3o de Imuniza\u00e7\u00e3o.<\/p>\n\n\n\n<p><strong>P\u00fablico alvo<\/strong><\/p>\n\n\n\n<ul>\n<li>crian\u00e7as de seis meses a 5 anos, 11 meses e 29 dias \/ maiores de 60 anos \/ gestantes \/ pu\u00e9rperas \/ povos ind\u00edgenas \/ quilombolas \/ trabalhadores da \u00e1rea de sa\u00fade \/ pessoas com defici\u00eancia permanente a partir dos 12 anos \/ pessoas com comorbidades \/ professores\/ pessoas em situa\u00e7\u00e3o de rua \/ integrantes das for\u00e7as armadas, de seguran\u00e7a ou salvamento \/ agentes penitenci\u00e1rios\/ trabalhadores portu\u00e1rios\/ caminhoneiros e trabalhadores de transporte coletivo rodovi\u00e1rio urbano ou de longo curso.<\/li>\n<\/ul>\n\n\n\n<p><strong>As unidades que seguem com a vacina\u00e7\u00e3o contra influenza at\u00e9 31 de maio s\u00e3o:<br><\/strong>CENTRO DE SA\u00daDE COLETIVA<br>UBS ALTO INDEPEND\u00caNCIA<br>UBS MORIN<br>UBS QUITANDINHA<br>AMBULAT\u00d3RIO ESCOLA FMP\/FASE<br>CENTRO DE SA\u00daDE ITAMARATI<br>AMBULAT\u00d3RIO DO HOSPITAL ALCIDES CARNEIRO<br>PSF POSSE<br>UBS MOSELA<br>UBS ARARAS<br>UBS ITAIPAVA<br>UBS PEDRO DO RIO<br>UBS RETIRO<br>UBS BAIRRO DA GL\u00d3RIA<br>UBS VICENZO RIVETTI<br>PSF CARANGOLA<br>PSF VALE DO CARANGOLA<br>PSF BATTAILARD<br>PSF MEIO DA SERRA<br>PSF CASTRIOTO<br>PSF 24 DE MAIO<br>PSF CAXAMBU SANTA ISABEL<br>PSF CAXAMBU LUZITANO<br>PSF VALE DAS VIDEIRAS<br>PSF BREJAL<br>PSF VILA SA\u00daDE<br>PSF VILA FELIPE<br>PSF S\u00c3O JO\u00c3O BATISTA<br>PSF VILA RICA<br>PSF MENINO JESUS DE PRAGA<br>PSF PEDRAS BRANCAS<br>PSF 1\u00ba DE MAIO<br>PSF CASTELO S\u00c3O MANOEL<br>PSF \u00c1GUAS LINDAS<br>PSF MOINHO PRETO<br>PSF ALTO SIM\u00c9RIA<br>PSF AMAZONAS<br>PSF JARDIM SALVADOR<br>PSF SANTISSIMA TRINDADE<br>PSF THOUZET<br>UBS OSWALDO CRUZ<\/p>\n","protected":false},"excerpt":{"rendered":"<p>No s\u00e1bado (13), 58 locais, entre unidade de sa\u00fade e pontos volantes de vacina\u00e7\u00e3o, ofertaram<\/p>\n","protected":false},"author":1,"featured_media":39329,"comment_status":"closed","ping_status":"open","sticky":false,"template":"","format":"standard","meta":{"spay_email":"","footnotes":"","jetpack_publicize_message":""},"categories":[2],"tags":[],"jetpack_featured_media_url":"https:\/\/i2.wp.com\/jornaldeitaipava.com.br\/wp-content\/uploads\/2024\/04\/imune.png?fit=509%2C350&ssl=1","jetpack_publicize_connections":[],"jetpack_sharing_enabled":true,"jetpack_likes_enabled":true,"jetpack-related-posts":[],"_links":{"self":[{"href":"https:\/\/jornaldeitaipava.com.br\/index.php\/wp-json\/wp\/v2\/posts\/39328"}],"collection":[{"href":"https:\/\/jornaldeitaipava.com.br\/index.php\/wp-json\/wp\/v2\/posts"}],"about":[{"href":"https:\/\/jornaldeitaipava.com.br\/index.php\/wp-json\/wp\/v2\/types\/post"}],"author":[{"embeddable":true,"href":"https:\/\/jornaldeitaipava.com.br\/index.php\/wp-json\/wp\/v2\/users\/1"}],"replies":[{"embeddable":true,"href":"https:\/\/jornaldeitaipava.com.br\/index.php\/wp-json\/wp\/v2\/comments?post=39328"}],"version-history":[{"count":1,"href":"https:\/\/jornaldeitaipava.com.br\/index.php\/wp-json\/wp\/v2\/posts\/39328\/revisions"}],"predecessor-version":[{"id":39330,"href":"https:\/\/jornaldeitaipava.com.br\/index.php\/wp-json\/wp\/v2\/posts\/39328\/revisions\/39330"}],"wp:featuredmedia":[{"embeddable":true,"href":"https:\/\/jornaldeitaipava.com.br\/index.php\/wp-json\/wp\/v2\/media\/39329"}],"wp:attachment":[{"href":"https:\/\/jornaldeitaipava.com.br\/index.php\/wp-json\/wp\/v2\/media?parent=39328"}],"wp:term":[{"taxonomy":"category","embeddable":true,"href":"https:\/\/jornaldeitaipava.com.br\/index.php\/wp-json\/wp\/v2\/categories?post=39328"},{"taxonomy":"post_tag","embeddable":true,"href":"https:\/\/jornaldeitaipava.com.br\/index.php\/wp-json\/wp\/v2\/tags?post=39328"}],"curies":[{"name":"wp","href":"https:\/\/api.w.org\/{rel}","templated":true}]}}