{"id":39335,"date":"2024-04-17T09:19:13","date_gmt":"2024-04-17T12:19:13","guid":{"rendered":"http:\/\/jornaldeitaipava.com.br\/?p=39335"},"modified":"2024-04-17T09:19:15","modified_gmt":"2024-04-17T12:19:15","slug":"marica-passara-a-contar-com-voos-comerciais-com-tarifa-social-a-r-100","status":"publish","type":"post","link":"https:\/\/jornaldeitaipava.com.br\/index.php\/2024\/04\/17\/marica-passara-a-contar-com-voos-comerciais-com-tarifa-social-a-r-100\/","title":{"rendered":"Maric\u00e1 passar\u00e1 a contar com voos comerciais com tarifa social a R$ 100"},"content":{"rendered":"\n<p>O munic\u00edpio de Maric\u00e1 contar\u00e1 com voos comerciais para S\u00e3o Paulo e Bras\u00edlia com tarifa social a partir de R$ 100. O servi\u00e7o ser\u00e1 operado pela Azul Linhas A\u00e9reas e as vendas ser\u00e3o feitas pelo site (voamarica.com.br) a partir de 18\/04 e ser\u00e3o aceitos pagamentos em Mumbuca, a moeda social de Maric\u00e1.<br>O programa vai atender cerca de 95 mil pessoas cadastradas no programa Renda B\u00e1sica da Cidadania ter\u00e3o direito \u00e0 tarifa social, custada pela prefeitura. As passagens poder\u00e3o ser compradas por qualquer pessoa, mas dois assentos em cada voo ser\u00e3o sempre reservados para a tarifa social, que ter\u00e1 o valor promocional de R$ 100 nos primeiros 60 dias e, depois, custar\u00e1 R$ 200, tanto para S\u00e3o Paulo, quanto para Bras\u00edlia. Os voos para o p\u00fablico em geral custar\u00e3o R$ 900 para Viracopos e R$ 1.100 para Bras\u00edlia (tarifa cheia, sem os descontos previstos para compras com anteced\u00eancia), mas tamb\u00e9m ter\u00e3o 50% de desconto durante dois meses, caindo para R$ 450 e R$ 550, respectivamente.<br>Os voos de ida para o aeroporto Viracopos sair\u00e3o, diariamente, \u00e0s 5h50, com chegada \u00e0s 7h45, e o hor\u00e1rio dos voos de retorno para Maric\u00e1 ser\u00e1 \u00e0s 21h45. Quem seguir para Bras\u00edlia pegar\u00e1 o mesmo voo em dire\u00e7\u00e3o a S\u00e3o Paulo e far\u00e1 uma conex\u00e3o em Campinas, com troca de aeronave e chegada prevista \u00e0s 10h45 no Distrito Federal. O retorno de Bras\u00edlia para Maric\u00e1 ser\u00e1 \u00e0s 18h20, tamb\u00e9m com conex\u00e3o em S\u00e3o Paulo.<\/p>\n","protected":false},"excerpt":{"rendered":"<p>O munic\u00edpio de Maric\u00e1 contar\u00e1 com voos comerciais para S\u00e3o Paulo e Bras\u00edlia com tarifa<\/p>\n","protected":false},"author":1,"featured_media":13517,"comment_status":"closed","ping_status":"open","sticky":false,"template":"","format":"standard","meta":{"spay_email":"","footnotes":"","jetpack_publicize_message":""},"categories":[5],"tags":[],"jetpack_featured_media_url":"https:\/\/i0.wp.com\/jornaldeitaipava.com.br\/wp-content\/uploads\/2021\/04\/marica.jpg?fit=465%2C307&ssl=1","jetpack_publicize_connections":[],"jetpack_sharing_enabled":true,"jetpack_likes_enabled":true,"jetpack-related-posts":[],"_links":{"self":[{"href":"https:\/\/jornaldeitaipava.com.br\/index.php\/wp-json\/wp\/v2\/posts\/39335"}],"collection":[{"href":"https:\/\/jornaldeitaipava.com.br\/index.php\/wp-json\/wp\/v2\/posts"}],"about":[{"href":"https:\/\/jornaldeitaipava.com.br\/index.php\/wp-json\/wp\/v2\/types\/post"}],"author":[{"embeddable":true,"href":"https:\/\/jornaldeitaipava.com.br\/index.php\/wp-json\/wp\/v2\/users\/1"}],"replies":[{"embeddable":true,"href":"https:\/\/jornaldeitaipava.com.br\/index.php\/wp-json\/wp\/v2\/comments?post=39335"}],"version-history":[{"count":1,"href":"https:\/\/jornaldeitaipava.com.br\/index.php\/wp-json\/wp\/v2\/posts\/39335\/revisions"}],"predecessor-version":[{"id":39336,"href":"https:\/\/jornaldeitaipava.com.br\/index.php\/wp-json\/wp\/v2\/posts\/39335\/revisions\/39336"}],"wp:featuredmedia":[{"embeddable":true,"href":"https:\/\/jornaldeitaipava.com.br\/index.php\/wp-json\/wp\/v2\/media\/13517"}],"wp:attachment":[{"href":"https:\/\/jornaldeitaipava.com.br\/index.php\/wp-json\/wp\/v2\/media?parent=39335"}],"wp:term":[{"taxonomy":"category","embeddable":true,"href":"https:\/\/jornaldeitaipava.com.br\/index.php\/wp-json\/wp\/v2\/categories?post=39335"},{"taxonomy":"post_tag","embeddable":true,"href":"https:\/\/jornaldeitaipava.com.br\/index.php\/wp-json\/wp\/v2\/tags?post=39335"}],"curies":[{"name":"wp","href":"https:\/\/api.w.org\/{rel}","templated":true}]}}