{"id":39337,"date":"2024-04-17T09:21:19","date_gmt":"2024-04-17T12:21:19","guid":{"rendered":"http:\/\/jornaldeitaipava.com.br\/?p=39337"},"modified":"2024-04-17T09:21:20","modified_gmt":"2024-04-17T12:21:20","slug":"com-diversas-atracoes-festival-artbier-vai-ate-domingo-em-marica","status":"publish","type":"post","link":"https:\/\/jornaldeitaipava.com.br\/index.php\/2024\/04\/17\/com-diversas-atracoes-festival-artbier-vai-ate-domingo-em-marica\/","title":{"rendered":"Com diversas atra\u00e7\u00f5es, Festival Art&amp;Bier vai at\u00e9 domingo em Maric\u00e1"},"content":{"rendered":"\n<p>A 6\u00aa edi\u00e7\u00e3o do Festival Art&amp;Bier come\u00e7a nesta quinta-feira (18\/04) em Ara\u00e7atiba, reunindo sete cervejarias artesanais da cidade, diversas op\u00e7\u00f5es gastron\u00f4micas, feiras de artesanato e shows de 19 artistas e bandas, que prometem empolgar o p\u00fablico com muito samba, sertanejo, pop e rock. O evento acontece em dois fins de semana consecutivos at\u00e9 domingo (28\/04), em uma \u00e1rea montada ao lado do aeroporto de Maric\u00e1.<br>A programa\u00e7\u00e3o deste ano tamb\u00e9m contar\u00e1 com duas atra\u00e7\u00f5es especiais: um encontro de motociclistas de 40 motoclubes de Maric\u00e1 e de outros munic\u00edpios do Estado do Rio de Janeiro no pr\u00f3ximo domingo (21\/04), e uma exposi\u00e7\u00e3o de carros japoneses personalizados no s\u00e1bado (27\/04).<br>A Feira Natureza Arte e Cultura acontecer\u00e1 nesta primeira semana (de 18 a 21) e a tradicional Feirarte marcar\u00e1 presen\u00e7a entre os dias 25 e 28 de abril, com diversos expositores e venda de artesanato, roupas e acess\u00f3rios, entre outros. O local ter\u00e1 ainda um espa\u00e7o exclusivo para as crian\u00e7as, com brinquedos e divertimento para a garotada.<\/p>\n\n\n\n<p>O Art&amp;Bier \u00e9 promovido pela Prefeitura de Maric\u00e1, por meio das Secretarias de Turismo e de Promo\u00e7\u00e3o e Projetos Especiais e pela Companhia de Desenvolvimento de Maric\u00e1 (Codemar),<\/p>\n\n\n\n<p><strong>Programa\u00e7\u00e3o musical Art&amp;Bier<\/strong><\/p>\n\n\n\n<p>Quinta, 18\/04<br>19h \u2013 Bruna Mandz<br>21h \u2013 Maiara Coboski<\/p>\n\n\n\n<p>Sexta-feira, 19\/04<br>19h \u2013 Angel Campos<br>21h \u2013 Douglas Kal\u00ed<\/p>\n\n\n\n<p>S\u00e1bado, 20\/04<br>19h \u2013 Babby do Cavaco<br>21h \u2013 Sambayomi<\/p>\n\n\n\n<p>Domingo, 21\/04<br>16h \u2013 Pedra do Elefante<br>18h \u2013 Cilindrada<br>20h \u2013 Thunderock<\/p>\n\n\n\n<p>Quinta-feira, 25\/04<br>19h \u2013 Vizinhos de Marte<br>21h \u2013 Alma Black<\/p>\n\n\n\n<p>Sexta-feira, 26\/04<br>19h \u2013 Lav\u00ednia Guimar\u00e3es<br>21h \u2013 Marianna Cunha<\/p>\n\n\n\n<p>S\u00e1bado, 27\/04<br>17h \u2013 Sacha Alexia<br>19h \u2013 Maurinho e Banda<br>21h \u2013 Os Bartira<\/p>\n\n\n\n<p>Domingo, 28\/04<br>16h \u2013 Sambase<br>18h \u2013 Rhoan Victor<br>21h \u2013 T\u00f4 Kerendo<\/p>\n","protected":false},"excerpt":{"rendered":"<p>A 6\u00aa edi\u00e7\u00e3o do Festival Art&amp;Bier come\u00e7a nesta quinta-feira (18\/04) em Ara\u00e7atiba, reunindo sete cervejarias<\/p>\n","protected":false},"author":1,"featured_media":39338,"comment_status":"closed","ping_status":"open","sticky":false,"template":"","format":"standard","meta":{"spay_email":"","footnotes":"","jetpack_publicize_message":""},"categories":[42],"tags":[],"jetpack_featured_media_url":"https:\/\/i2.wp.com\/jornaldeitaipava.com.br\/wp-content\/uploads\/2024\/04\/cerveja.jpg?fit=2560%2C1709&ssl=1","jetpack_publicize_connections":[],"jetpack_sharing_enabled":true,"jetpack_likes_enabled":true,"jetpack-related-posts":[],"_links":{"self":[{"href":"https:\/\/jornaldeitaipava.com.br\/index.php\/wp-json\/wp\/v2\/posts\/39337"}],"collection":[{"href":"https:\/\/jornaldeitaipava.com.br\/index.php\/wp-json\/wp\/v2\/posts"}],"about":[{"href":"https:\/\/jornaldeitaipava.com.br\/index.php\/wp-json\/wp\/v2\/types\/post"}],"author":[{"embeddable":true,"href":"https:\/\/jornaldeitaipava.com.br\/index.php\/wp-json\/wp\/v2\/users\/1"}],"replies":[{"embeddable":true,"href":"https:\/\/jornaldeitaipava.com.br\/index.php\/wp-json\/wp\/v2\/comments?post=39337"}],"version-history":[{"count":1,"href":"https:\/\/jornaldeitaipava.com.br\/index.php\/wp-json\/wp\/v2\/posts\/39337\/revisions"}],"predecessor-version":[{"id":39339,"href":"https:\/\/jornaldeitaipava.com.br\/index.php\/wp-json\/wp\/v2\/posts\/39337\/revisions\/39339"}],"wp:featuredmedia":[{"embeddable":true,"href":"https:\/\/jornaldeitaipava.com.br\/index.php\/wp-json\/wp\/v2\/media\/39338"}],"wp:attachment":[{"href":"https:\/\/jornaldeitaipava.com.br\/index.php\/wp-json\/wp\/v2\/media?parent=39337"}],"wp:term":[{"taxonomy":"category","embeddable":true,"href":"https:\/\/jornaldeitaipava.com.br\/index.php\/wp-json\/wp\/v2\/categories?post=39337"},{"taxonomy":"post_tag","embeddable":true,"href":"https:\/\/jornaldeitaipava.com.br\/index.php\/wp-json\/wp\/v2\/tags?post=39337"}],"curies":[{"name":"wp","href":"https:\/\/api.w.org\/{rel}","templated":true}]}}