{"id":39343,"date":"2024-04-18T15:33:19","date_gmt":"2024-04-18T18:33:19","guid":{"rendered":"http:\/\/jornaldeitaipava.com.br\/?p=39343"},"modified":"2024-04-18T15:33:22","modified_gmt":"2024-04-18T18:33:22","slug":"deputado-yuri-moura-e-contra-a-continuidade-da-concer","status":"publish","type":"post","link":"https:\/\/jornaldeitaipava.com.br\/index.php\/2024\/04\/18\/deputado-yuri-moura-e-contra-a-continuidade-da-concer\/","title":{"rendered":"DEPUTADO YURI MOURA \u00c9 CONTRA A CONTINUIDADE DA CONCER"},"content":{"rendered":"\n<p class=\"has-text-align-center\">Parlamentar n\u00e3o acredita que a Concession\u00e1ria possa retomar as obras da nova subida da serra<\/p>\n\n\n\n<p>O Deputado Estadual, l\u00edder da bancada do PSOL na Assembleia Legislativa do Rio de Janeiro (Alerj) e pr\u00e9-candidato \u00e0 Prefeitura Municipal de Petr\u00f3polis, Yuri Moura estar\u00e1 em Bras\u00edlia na pr\u00f3xima semana, buscando a Ag\u00eancia Nacional de Transportes Terrestres (ANTT) e o Minist\u00e9rio dos Transportes.<br>Recentemente, o parlamentar lan\u00e7ou um v\u00eddeo em suas redes sociais com duras cr\u00edticas \u00e0 Concession\u00e1ria de Rodovias S.A. (Concer), concession\u00e1ria que administra h\u00e1 anos a BR-040. Na publica\u00e7\u00e3o, Yuri tamb\u00e9m cita que a readequa\u00e7\u00e3o do contrato pela manuten\u00e7\u00e3o da empresa, com a promessa do andamento das obras da nova subida da serra, \u00e9 um erro. As den\u00fancias ressaltam a preocupa\u00e7\u00e3o com os problemas persistentes na rodovia e a falta de a\u00e7\u00e3o efetiva para resolver essas quest\u00f5es. A motiva\u00e7\u00e3o veio ap\u00f3s o prefeito Rubens Bomtempo anunciar articula\u00e7\u00f5es pela retomada das obras da nova subida da serra, sem citar a manuten\u00e7\u00e3o ou sa\u00edda da empresa.<br>Segundo Yuri, existem dois caminhos a serem seguidos em rela\u00e7\u00e3o \u00e0 BR-040. O primeiro, defendido por ele, inclusive com campanha p\u00fablica e abaixo-assinado nas ruas, que \u00e9 pela sa\u00edda da Concer e a garantia de uma nova licita\u00e7\u00e3o para a rodovia: \u201cH\u00e1 alguns meses lan\u00e7amos a campanha \u201cFora Concer\u201d, iniciativa que surgiu em resposta \u00e0s condi\u00e7\u00f5es prec\u00e1rias da estrada, tarifas abusivas e a neglig\u00eancia da concession\u00e1ria em rela\u00e7\u00e3o \u00e0s comunidades locais e \u00e0 infraestrutura da regi\u00e3o. Temos recebido o apoio da popula\u00e7\u00e3o que faz uso cotidiano da estrada, al\u00e9m de empres\u00e1rios preocupados com o desenvolvimento econ\u00f4mico local\u201d, detalhou Yuri.<br>Por outro lado, o deputado aponta que um segundo caminho est\u00e1 sendo costurado por deputados federais e governo municipal, que, segundo ele, entraram na discuss\u00e3o ap\u00f3s as a\u00e7\u00f5es da sua campanha \u201cFora Concer\u201d. Este segundo caminho defenderia uma readequa\u00e7\u00e3o do contrato com a concession\u00e1ria, prometendo o andamento das obras da nova subida da serra.<br>As den\u00fancias de Yuri Moura s\u00e3o respaldadas por decis\u00f5es do Tribunal de Contas da Uni\u00e3o (TCU), que indicam a possibilidade de revis\u00e3o e otimiza\u00e7\u00e3o de contratos de concess\u00e3o, n\u00e3o apenas em rodovias, mas tamb\u00e9m em outras \u00e1reas de infraestrutura. No entanto, ele destaca a falta de a\u00e7\u00f5es efetivas por parte do governo federal para resolver os problemas na BR-040. Especificamente sobre a BR-040, o TCU j\u00e1 recomendou que a licita\u00e7\u00e3o do trecho seja feita com celeridade, o Minist\u00e9rio P\u00fablico Federal (MPF) tamb\u00e9m representou contra reajustes e revis\u00f5es tarif\u00e1rias realizadas entre 2014 e 2016.<br>\u201cO importante \u00e9 refor\u00e7ar que com a Concer n\u00e3o existe nova subida da serra. N\u00e3o existe seguran\u00e7a para n\u00f3s que descemos e subimos a serra de Petr\u00f3polis praticamente todos os dias. A Concer s\u00f3 serve para a velha pol\u00edtica, que resolve tudo no acordo. N\u00e3o \u00e0 toa eu sou o \u00fanico mandat\u00e1rio de Petr\u00f3polis e do estado do Rio de Janeiro que tem dito com muita coragem \u201cFora Concer\u201d\u201d, frisou o parlamentar.<br>No fim de 2023, Yuri visitou a ANTT e durante a reuni\u00e3o, foram discutidas as quest\u00f5es relacionadas \u00e0 atual concess\u00e3o da Concer, destacando a necessidade urgente de uma nova licita\u00e7\u00e3o para a rodovia. Em paralelo, Yuri Moura oficializou o TCU para que seja realizado um processo de nova licita\u00e7\u00e3o. O parlamentar ressaltou a import\u00e2ncia de agilizar esse procedimento, uma vez que a demora do TCU e da Justi\u00e7a tem mantido a Concer na rodovia, prejudicando a popula\u00e7\u00e3o.<br>Ele convoca o apoio da popula\u00e7\u00e3o atrav\u00e9s de um abaixo-assinado pela sa\u00edda da Concer, destacando que esta \u00e9 a \u00fanica chance real de resolver os problemas enfrentados pela regi\u00e3o e garantir um desenvolvimento econ\u00f4mico sustent\u00e1vel. Interessados podem obter mais informa\u00e7\u00f5es e assinar no endere\u00e7o: https:\/\/yurimoura.com.br\/lp\/abaixo-assinado-fora-concer\/.<\/p>\n","protected":false},"excerpt":{"rendered":"<p>Parlamentar n\u00e3o acredita que a Concession\u00e1ria possa retomar as obras da nova subida da serra<\/p>\n","protected":false},"author":1,"featured_media":39344,"comment_status":"closed","ping_status":"open","sticky":false,"template":"","format":"standard","meta":{"spay_email":"","footnotes":"","jetpack_publicize_message":""},"categories":[2],"tags":[],"jetpack_featured_media_url":"https:\/\/i2.wp.com\/jornaldeitaipava.com.br\/wp-content\/uploads\/2024\/04\/29-FOTO-Deputado-Yuri-no-padagio-da-BR-040-05-02-2024-2-scaled.jpeg?fit=2560%2C1920&ssl=1","jetpack_publicize_connections":[],"jetpack_sharing_enabled":true,"jetpack_likes_enabled":true,"jetpack-related-posts":[],"_links":{"self":[{"href":"https:\/\/jornaldeitaipava.com.br\/index.php\/wp-json\/wp\/v2\/posts\/39343"}],"collection":[{"href":"https:\/\/jornaldeitaipava.com.br\/index.php\/wp-json\/wp\/v2\/posts"}],"about":[{"href":"https:\/\/jornaldeitaipava.com.br\/index.php\/wp-json\/wp\/v2\/types\/post"}],"author":[{"embeddable":true,"href":"https:\/\/jornaldeitaipava.com.br\/index.php\/wp-json\/wp\/v2\/users\/1"}],"replies":[{"embeddable":true,"href":"https:\/\/jornaldeitaipava.com.br\/index.php\/wp-json\/wp\/v2\/comments?post=39343"}],"version-history":[{"count":1,"href":"https:\/\/jornaldeitaipava.com.br\/index.php\/wp-json\/wp\/v2\/posts\/39343\/revisions"}],"predecessor-version":[{"id":39345,"href":"https:\/\/jornaldeitaipava.com.br\/index.php\/wp-json\/wp\/v2\/posts\/39343\/revisions\/39345"}],"wp:featuredmedia":[{"embeddable":true,"href":"https:\/\/jornaldeitaipava.com.br\/index.php\/wp-json\/wp\/v2\/media\/39344"}],"wp:attachment":[{"href":"https:\/\/jornaldeitaipava.com.br\/index.php\/wp-json\/wp\/v2\/media?parent=39343"}],"wp:term":[{"taxonomy":"category","embeddable":true,"href":"https:\/\/jornaldeitaipava.com.br\/index.php\/wp-json\/wp\/v2\/categories?post=39343"},{"taxonomy":"post_tag","embeddable":true,"href":"https:\/\/jornaldeitaipava.com.br\/index.php\/wp-json\/wp\/v2\/tags?post=39343"}],"curies":[{"name":"wp","href":"https:\/\/api.w.org\/{rel}","templated":true}]}}