{"id":39374,"date":"2024-04-19T10:01:58","date_gmt":"2024-04-19T13:01:58","guid":{"rendered":"http:\/\/jornaldeitaipava.com.br\/?p=39374"},"modified":"2024-04-19T10:02:00","modified_gmt":"2024-04-19T13:02:00","slug":"proposta-de-criacao-de-area-escolar-de-seguranca-e-cidadania-e-aprovada-na-camara-municipal","status":"publish","type":"post","link":"https:\/\/jornaldeitaipava.com.br\/index.php\/2024\/04\/19\/proposta-de-criacao-de-area-escolar-de-seguranca-e-cidadania-e-aprovada-na-camara-municipal\/","title":{"rendered":"Proposta de cria\u00e7\u00e3o de &#8220;\u00c1rea Escolar de Seguran\u00e7a e Cidadania&#8221; \u00e9 aprovada na C\u00e2mara Municipal"},"content":{"rendered":"\n<p>A C\u00e2mara Municipal aprovou, em sess\u00e3o ordin\u00e1ria realizada na quarta-feira (17), uma indica\u00e7\u00e3o legislativa do vereador Junior Paix\u00e3o que prop\u00f5e que seja estabelecida uma \u00e1rea escolar de seguran\u00e7a e cidadania em ruas, pra\u00e7as e outros espa\u00e7os p\u00fablicos situados em um raio de cem metros dos limites das escolas p\u00fablicas.<br>De acordo com o texto do anteprojeto, a &#8220;\u00c1rea Escolar de Seguran\u00e7a e Cidadania&#8221; &#8211; AESC &#8211; ter\u00e1 por finalidade assegurar a tranquilidade de alunos, profissionais do grupo ocupacional do magist\u00e9rio, servidores, funcion\u00e1rios, pais e respons\u00e1veis, atrav\u00e9s de a\u00e7\u00f5es ordenadas do Poder P\u00fablico Municipal. Este locais dever\u00e3o ter prioridade na manuten\u00e7\u00e3o em itens como ilumina\u00e7\u00e3o p\u00fablica, pavimenta\u00e7\u00e3o, instala\u00e7\u00e3o de lixeiras, limpeza de terrenos e edifica\u00e7\u00f5es abandonadas, capinas, abrigos de passageiros, placas indicativas.<br>O documento tamb\u00e9m prev\u00ea aumento na presen\u00e7a da Guarda Civil Municipal e ainda instala\u00e7\u00e3o de c\u00e2meras de seguran\u00e7a integradas ao Centro Integrado de Opera\u00e7\u00f5es de Petr\u00f3polis \u2013 CIOP, entre outras a\u00e7\u00f5es como sinaliza\u00e7\u00e3o de limites de velocidades, faixas de pedestres e ordenamento de estacionamento e parada de autom\u00f3veis, al\u00e9m de controle rigoroso da polui\u00e7\u00e3o sonora, especialmente nos hor\u00e1rios de funcionamento das escolas.<br>O Executivo Municipal, por meio de parcerias, poder\u00e1 ainda promover programas e campanhas desportivas, art\u00edsticas e culturais, bem como de combate ao uso de drogas e de conscientiza\u00e7\u00e3o e seguran\u00e7a no tr\u00e2nsito, utilizando-se para tanto, dos espa\u00e7os p\u00fablicos situados nas AESCs.<br>Em sua justificativa, o vereador cita o preocupante aumento de not\u00edcias sobre ataques \u00e0s escolas e creches no Brasil e no exterior que e causam a indigna\u00e7\u00e3o de toda a sociedade.<br>&#8220;A prioriza\u00e7\u00e3o e amplia\u00e7\u00e3o de pol\u00edticas p\u00fablicas que beneficiam e protegem a crian\u00e7a e o adolescente s\u00e3o urgentes. Precisamos criar instrumentos que favore\u00e7am a afirma\u00e7\u00e3o da escola p\u00fablica como um ambiente natural de aprendizado e de sociabilidade por meio de a\u00e7\u00f5es de promo\u00e7\u00e3o, fiscaliza\u00e7\u00e3o e preven\u00e7\u00e3o visando construir uma pol\u00edtica de defesa da escola como institui\u00e7\u00e3o segura e cidad\u00e3&#8221;, disse Paix\u00e3o.<br>A proposta segue para a an\u00e1lise do Executivo Municipal.<\/p>\n","protected":false},"excerpt":{"rendered":"<p>A C\u00e2mara Municipal aprovou, em sess\u00e3o ordin\u00e1ria realizada na quarta-feira (17), uma indica\u00e7\u00e3o legislativa do<\/p>\n","protected":false},"author":1,"featured_media":39375,"comment_status":"closed","ping_status":"open","sticky":false,"template":"","format":"standard","meta":{"spay_email":"","footnotes":"","jetpack_publicize_message":""},"categories":[2],"tags":[],"jetpack_featured_media_url":"https:\/\/i0.wp.com\/jornaldeitaipava.com.br\/wp-content\/uploads\/2024\/04\/WhatsApp-Image-2024-04-17-at-17.29.13.jpeg?fit=1600%2C1066&ssl=1","jetpack_publicize_connections":[],"jetpack_sharing_enabled":true,"jetpack_likes_enabled":true,"jetpack-related-posts":[],"_links":{"self":[{"href":"https:\/\/jornaldeitaipava.com.br\/index.php\/wp-json\/wp\/v2\/posts\/39374"}],"collection":[{"href":"https:\/\/jornaldeitaipava.com.br\/index.php\/wp-json\/wp\/v2\/posts"}],"about":[{"href":"https:\/\/jornaldeitaipava.com.br\/index.php\/wp-json\/wp\/v2\/types\/post"}],"author":[{"embeddable":true,"href":"https:\/\/jornaldeitaipava.com.br\/index.php\/wp-json\/wp\/v2\/users\/1"}],"replies":[{"embeddable":true,"href":"https:\/\/jornaldeitaipava.com.br\/index.php\/wp-json\/wp\/v2\/comments?post=39374"}],"version-history":[{"count":1,"href":"https:\/\/jornaldeitaipava.com.br\/index.php\/wp-json\/wp\/v2\/posts\/39374\/revisions"}],"predecessor-version":[{"id":39376,"href":"https:\/\/jornaldeitaipava.com.br\/index.php\/wp-json\/wp\/v2\/posts\/39374\/revisions\/39376"}],"wp:featuredmedia":[{"embeddable":true,"href":"https:\/\/jornaldeitaipava.com.br\/index.php\/wp-json\/wp\/v2\/media\/39375"}],"wp:attachment":[{"href":"https:\/\/jornaldeitaipava.com.br\/index.php\/wp-json\/wp\/v2\/media?parent=39374"}],"wp:term":[{"taxonomy":"category","embeddable":true,"href":"https:\/\/jornaldeitaipava.com.br\/index.php\/wp-json\/wp\/v2\/categories?post=39374"},{"taxonomy":"post_tag","embeddable":true,"href":"https:\/\/jornaldeitaipava.com.br\/index.php\/wp-json\/wp\/v2\/tags?post=39374"}],"curies":[{"name":"wp","href":"https:\/\/api.w.org\/{rel}","templated":true}]}}