{"id":39602,"date":"2024-05-06T10:19:40","date_gmt":"2024-05-06T13:19:40","guid":{"rendered":"http:\/\/jornaldeitaipava.com.br\/?p=39602"},"modified":"2024-05-06T10:19:44","modified_gmt":"2024-05-06T13:19:44","slug":"prefeitura-inicia-campanha-maio-amarelo","status":"publish","type":"post","link":"https:\/\/jornaldeitaipava.com.br\/index.php\/2024\/05\/06\/prefeitura-inicia-campanha-maio-amarelo\/","title":{"rendered":"Prefeitura inicia campanha Maio Amarelo"},"content":{"rendered":"\n<p class=\"has-text-align-center\"><strong>Palestras nas escolas e a\u00e7\u00f5es de conscientiza\u00e7\u00e3o fazem parte da programa\u00e7\u00e3o<\/strong><\/p>\n\n\n\n<p>A Prefeitura, por meio da Companhia Petropolitana de Tr\u00e2nsito e Transportes (CPTrans), inicia na segunda-feira (06), a programa\u00e7\u00e3o da campanha Maio Amarelo 2024, que este ano tem como tema: Paz no Tr\u00e2nsito Come\u00e7a por Voc\u00ea! Palestras nas escolas da rede municipal de ensino e a\u00e7\u00f5es de conscientiza\u00e7\u00e3o fazem parte das atividades que v\u00e3o at\u00e9 o dia 28 de maio.<br>\u201c\u00c9 importante iniciarmos essa campanha de Paz no Tr\u00e2nsito dentro das escolas. Nossas crian\u00e7as e adolescentes s\u00e3o multiplicadores e levam o que aprendem para dentro das casas. Essa mobiliza\u00e7\u00e3o tem que envolver toda a sociedade\u201d, disse o prefeito Rubens Bomtempo.<br>A campanha Maio Amarelo tem como objetivo a promo\u00e7\u00e3o de a\u00e7\u00f5es para conscientiza\u00e7\u00e3o de um tr\u00e2nsito mais seguro e consciente. A mobiliza\u00e7\u00e3o \u00e9 internacional e envolve diversos setores do poder p\u00fablico, entidades e associa\u00e7\u00f5es.<br>\u201cEm Petr\u00f3polis, os \u00edndices de acidentes de tr\u00e2nsito, principalmente envolvendo motociclistas, s\u00e3o altos. Al\u00e9m disso, as infra\u00e7\u00f5es de tr\u00e2nsito, como o estacionamento irregular, tamb\u00e9m s\u00e3o frequentes, por isso a import\u00e2ncia de refor\u00e7armos essa mobiliza\u00e7\u00e3o para um tr\u00e2nsito mais seguro e consciente\u201d, comentou o presidente da CPTrans, Diogo Esteves.<\/p>\n\n\n\n<p>Confira a programa\u00e7\u00e3o do Maio Amarelo 2024:<\/p>\n\n\n\n<p>06\/05 (segunda-feira)<br>Palestra Educa\u00e7\u00e3o para o Tr\u00e2nsito<br>E.M. S\u00e3o Judas Tadeu<\/p>\n\n\n\n<p>Ilumina\u00e7\u00e3o dos pr\u00e9dios p\u00fablicos municipais com a cor amarela<\/p>\n\n\n\n<p>08\/05 (quarta-feira)<br>Palestra Educa\u00e7\u00e3o para o Tr\u00e2nsito<br>CEI D\u00e9a Lucia Cordeiro<\/p>\n\n\n\n<p>10\/05 (sexta-feira)<br>Palestra Educa\u00e7\u00e3o para o Tr\u00e2nsito<br>E.M. Paulo Saldanha<\/p>\n\n\n\n<p>13\/05 (segunda-feira)<br>Palestra Educa\u00e7\u00e3o para o Tr\u00e2nsito<br>E.M. Geraldo Ventura Dias<\/p>\n\n\n\n<p>15\/05 (quarta-feira)<br>Palestra Educa\u00e7\u00e3o para o Tr\u00e2nsito<br>E.M. Santa Maria Goretti<\/p>\n\n\n\n<p>17\/05 (sexta-feira)<br>Palestra Educa\u00e7\u00e3o para o Tr\u00e2nsito<br>Escola Gunnar Vingren<\/p>\n\n\n\n<p>21\/05 (ter\u00e7a-feira)<br>Palestra Educa\u00e7\u00e3o para o Tr\u00e2nsito<br>E.M. Rubens de Castro Bomtempo<\/p>\n\n\n\n<p>24\/05 (sexta-feira)<br>A\u00e7\u00e3o Maio Amarelo<br>9h \u00e0s 13h<br>Pra\u00e7a da Liberdade \u2013 Centro da Cidade<\/p>\n\n\n\n<p>28\/05 (ter\u00e7a-feira)<br>A\u00e7\u00e3o Maio Amarelo<br>9h \u00e0s 11h30<br>13h \u00e0s 15h<br>CEU das Artes &#8211; Pra\u00e7a Corta Rio<br>Estrada Uni\u00e3o e Ind\u00fastria, n\u00ba 746 &#8211; Posse<\/p>\n","protected":false},"excerpt":{"rendered":"<p>Palestras nas escolas e a\u00e7\u00f5es de conscientiza\u00e7\u00e3o fazem parte da programa\u00e7\u00e3o A Prefeitura, por meio<\/p>\n","protected":false},"author":1,"featured_media":13750,"comment_status":"closed","ping_status":"open","sticky":false,"template":"","format":"standard","meta":{"spay_email":"","footnotes":"","jetpack_publicize_message":""},"categories":[2],"tags":[],"jetpack_featured_media_url":"https:\/\/i0.wp.com\/jornaldeitaipava.com.br\/wp-content\/uploads\/2021\/04\/PALACIO-SERGIO-FADEL.jpg?fit=513%2C299&ssl=1","jetpack_publicize_connections":[],"jetpack_sharing_enabled":true,"jetpack_likes_enabled":true,"jetpack-related-posts":[],"_links":{"self":[{"href":"https:\/\/jornaldeitaipava.com.br\/index.php\/wp-json\/wp\/v2\/posts\/39602"}],"collection":[{"href":"https:\/\/jornaldeitaipava.com.br\/index.php\/wp-json\/wp\/v2\/posts"}],"about":[{"href":"https:\/\/jornaldeitaipava.com.br\/index.php\/wp-json\/wp\/v2\/types\/post"}],"author":[{"embeddable":true,"href":"https:\/\/jornaldeitaipava.com.br\/index.php\/wp-json\/wp\/v2\/users\/1"}],"replies":[{"embeddable":true,"href":"https:\/\/jornaldeitaipava.com.br\/index.php\/wp-json\/wp\/v2\/comments?post=39602"}],"version-history":[{"count":1,"href":"https:\/\/jornaldeitaipava.com.br\/index.php\/wp-json\/wp\/v2\/posts\/39602\/revisions"}],"predecessor-version":[{"id":39603,"href":"https:\/\/jornaldeitaipava.com.br\/index.php\/wp-json\/wp\/v2\/posts\/39602\/revisions\/39603"}],"wp:featuredmedia":[{"embeddable":true,"href":"https:\/\/jornaldeitaipava.com.br\/index.php\/wp-json\/wp\/v2\/media\/13750"}],"wp:attachment":[{"href":"https:\/\/jornaldeitaipava.com.br\/index.php\/wp-json\/wp\/v2\/media?parent=39602"}],"wp:term":[{"taxonomy":"category","embeddable":true,"href":"https:\/\/jornaldeitaipava.com.br\/index.php\/wp-json\/wp\/v2\/categories?post=39602"},{"taxonomy":"post_tag","embeddable":true,"href":"https:\/\/jornaldeitaipava.com.br\/index.php\/wp-json\/wp\/v2\/tags?post=39602"}],"curies":[{"name":"wp","href":"https:\/\/api.w.org\/{rel}","templated":true}]}}