{"id":39604,"date":"2024-05-06T10:21:25","date_gmt":"2024-05-06T13:21:25","guid":{"rendered":"http:\/\/jornaldeitaipava.com.br\/?p=39604"},"modified":"2024-05-06T10:21:31","modified_gmt":"2024-05-06T13:21:31","slug":"obras-de-novas-unidades-de-saude-nos-distritos-de-pedro-do-rio-e-posse-avancam","status":"publish","type":"post","link":"https:\/\/jornaldeitaipava.com.br\/index.php\/2024\/05\/06\/obras-de-novas-unidades-de-saude-nos-distritos-de-pedro-do-rio-e-posse-avancam\/","title":{"rendered":"Obras de novas unidades de Sa\u00fade nos distritos de Pedro do Rio e Posse avan\u00e7am"},"content":{"rendered":"\n<p>Est\u00e3o em fases avan\u00e7adas as obras da Prefeitura para a abertura de dois complexos de sa\u00fade, sendo um em Pedro do Rio e outro no distrito da Posse. Na manh\u00e3 desta sexta (03), o secret\u00e1rio de Sa\u00fade, Ricardo Patul\u00e9a, visitou as futuras unidades juntamente com uma equipe de t\u00e9cnicos da Secretaria de Sa\u00fade para ajustar detalhes de implementa\u00e7\u00e3o dos servi\u00e7os que ser\u00e3o ofertados nos dois distritos. As unidades ser\u00e3o administradas por meio do Servi\u00e7o Social Aut\u00f4nomo Hospital Alcides Carneiro (Sehac).<br>No centro de Pedro do Rio, a Prefeitura est\u00e1 ampliando e adaptando a antiga Escola Municipal Nilo Pe\u00e7anha para receber um complexo de sa\u00fade composto por uma Unidade Pr\u00e9-Hospitalar do Hospital Alcides Carneiro, com servi\u00e7o de atendimento de emerg\u00eancia funcionando 24 horas e tamb\u00e9m por uma Unidade B\u00e1sica de Sa\u00fade (UBS), que contar\u00e1 com diversos consult\u00f3rios m\u00e9dicos, inclusive odontol\u00f3gico.<br>\u201cAs obras est\u00e3o bastante adiantadas, principalmente no segundo andar, onde funcionar\u00e1 a UBS. Alguns acabamentos est\u00e3o sendo finalizados, como o do fosso para receber o elevador. A pedido do prefeito Rubens Bomtempo, vamos entregar uma unidade novinha em folha, bem equipada, com conforto, para atender da melhor forma os moradores aqui do distrito\u201d, disse o secret\u00e1rio de Sa\u00fade.<br>Na Posse, o antigo pr\u00e9dio do SPA tamb\u00e9m est\u00e1 sendo totalmente reformado, ampliado e adaptado para receber outra Unidade Pr\u00e9-Hospitalar do Hospital Alcides Carneiro, tamb\u00e9m com atendimento emergencial funcionando 24 horas. O complexo contar\u00e1 com sala vermelha, sala de medica\u00e7\u00e3o, apoio de Raios X e laborat\u00f3rio de an\u00e1lises cl\u00ednicas, sala de isolamento entre outros setores para prestar o atendimento aos moradores da Posse.<br>\u201cEsta unidade que tamb\u00e9m ser\u00e1 de atendimento emergencial funcionar\u00e1 ao lado da UBS e dar\u00e1 apoio para a realiza\u00e7\u00e3o de exames, criando um complexo de sa\u00fade aqui para os moradores da Posse. Os pacientes da Posse n\u00e3o ter\u00e3o mais que se deslocar at\u00e9 Pedro do Rio ou Itaipava para atendimento emergencial. Essa foi a principal preocupa\u00e7\u00e3o do prefeito e temos certeza que esta unidade vai mudar a vida das pessoas daqui\u201d, garantiu Patul\u00e9a.<br>A expectativa \u00e9 de que ambas as unidades sejam entregues ainda no primeiro semestre de 2024.<\/p>\n","protected":false},"excerpt":{"rendered":"<p>Est\u00e3o em fases avan\u00e7adas as obras da Prefeitura para a abertura de dois complexos de<\/p>\n","protected":false},"author":1,"featured_media":39605,"comment_status":"closed","ping_status":"open","sticky":false,"template":"","format":"standard","meta":{"spay_email":"","footnotes":"","jetpack_publicize_message":""},"categories":[2],"tags":[],"jetpack_featured_media_url":"https:\/\/i0.wp.com\/jornaldeitaipava.com.br\/wp-content\/uploads\/2024\/05\/WhatsApp-Image-2024-05-03-at-17.48.55.jpeg?fit=1599%2C1066&ssl=1","jetpack_publicize_connections":[],"jetpack_sharing_enabled":true,"jetpack_likes_enabled":true,"jetpack-related-posts":[],"_links":{"self":[{"href":"https:\/\/jornaldeitaipava.com.br\/index.php\/wp-json\/wp\/v2\/posts\/39604"}],"collection":[{"href":"https:\/\/jornaldeitaipava.com.br\/index.php\/wp-json\/wp\/v2\/posts"}],"about":[{"href":"https:\/\/jornaldeitaipava.com.br\/index.php\/wp-json\/wp\/v2\/types\/post"}],"author":[{"embeddable":true,"href":"https:\/\/jornaldeitaipava.com.br\/index.php\/wp-json\/wp\/v2\/users\/1"}],"replies":[{"embeddable":true,"href":"https:\/\/jornaldeitaipava.com.br\/index.php\/wp-json\/wp\/v2\/comments?post=39604"}],"version-history":[{"count":1,"href":"https:\/\/jornaldeitaipava.com.br\/index.php\/wp-json\/wp\/v2\/posts\/39604\/revisions"}],"predecessor-version":[{"id":39606,"href":"https:\/\/jornaldeitaipava.com.br\/index.php\/wp-json\/wp\/v2\/posts\/39604\/revisions\/39606"}],"wp:featuredmedia":[{"embeddable":true,"href":"https:\/\/jornaldeitaipava.com.br\/index.php\/wp-json\/wp\/v2\/media\/39605"}],"wp:attachment":[{"href":"https:\/\/jornaldeitaipava.com.br\/index.php\/wp-json\/wp\/v2\/media?parent=39604"}],"wp:term":[{"taxonomy":"category","embeddable":true,"href":"https:\/\/jornaldeitaipava.com.br\/index.php\/wp-json\/wp\/v2\/categories?post=39604"},{"taxonomy":"post_tag","embeddable":true,"href":"https:\/\/jornaldeitaipava.com.br\/index.php\/wp-json\/wp\/v2\/tags?post=39604"}],"curies":[{"name":"wp","href":"https:\/\/api.w.org\/{rel}","templated":true}]}}