{"id":39607,"date":"2024-05-06T10:28:42","date_gmt":"2024-05-06T13:28:42","guid":{"rendered":"http:\/\/jornaldeitaipava.com.br\/?p=39607"},"modified":"2024-05-06T10:28:45","modified_gmt":"2024-05-06T13:28:45","slug":"estado-do-rio-tera-onda-de-calor-ate-quinta-feira","status":"publish","type":"post","link":"https:\/\/jornaldeitaipava.com.br\/index.php\/2024\/05\/06\/estado-do-rio-tera-onda-de-calor-ate-quinta-feira\/","title":{"rendered":"Estado do Rio ter\u00e1 onda de calor at\u00e9 quinta-feira"},"content":{"rendered":"\n<p>O Instituto Nacional de Meteorologia divulgou nesta segunda-feira (6), em Bras\u00edlia, alerta de onda de calor, com previs\u00e3o de temperaturas 5 graus Celsius acima da m\u00e9dia. O aviso vale pelo menos por cinco dias e h\u00e1, segundo o \u00f3rg\u00e3o, risco para a sa\u00fade. O pr\u00f3prio Inmet define o grau de severidade do fen\u00f4meno como de \u201cgrande perigo\u201d.<br>A onda de calor vai afetar, sobretudo, os estados do Rio de Janeiro, S\u00e3o Paulo, Minas Gerais e Paran\u00e1, incluindo regi\u00f5es metropolitanas do Rio de Janeiro e de S\u00e3o Paulo, sul e sudoeste de Minas Gerais, Campinas (SP), Bauru (SP), Piracicaba (SP) e centro oriental paranaense.<br>Outras \u00e1reas afetadas listadas pelo Inmet s\u00e3o Itapetininga (SP), Zona da Mata (MG), Ribeir\u00e3o Preto (SP), regi\u00e3o macro metropolitana paulista, Araraquara (SP), sul, noroeste, baixadas e centro do estado do Rio, Vale do Para\u00edba paulista, sul do Esp\u00edrito Santo e centro oriental do Paran\u00e1.<\/p>\n","protected":false},"excerpt":{"rendered":"<p>O Instituto Nacional de Meteorologia divulgou nesta segunda-feira (6), em Bras\u00edlia, alerta de onda de<\/p>\n","protected":false},"author":1,"featured_media":37608,"comment_status":"closed","ping_status":"open","sticky":false,"template":"","format":"standard","meta":{"spay_email":"","footnotes":"","jetpack_publicize_message":""},"categories":[2],"tags":[],"jetpack_featured_media_url":"https:\/\/i1.wp.com\/jornaldeitaipava.com.br\/wp-content\/uploads\/2023\/12\/calor.png?fit=768%2C467&ssl=1","jetpack_publicize_connections":[],"jetpack_sharing_enabled":true,"jetpack_likes_enabled":true,"jetpack-related-posts":[],"_links":{"self":[{"href":"https:\/\/jornaldeitaipava.com.br\/index.php\/wp-json\/wp\/v2\/posts\/39607"}],"collection":[{"href":"https:\/\/jornaldeitaipava.com.br\/index.php\/wp-json\/wp\/v2\/posts"}],"about":[{"href":"https:\/\/jornaldeitaipava.com.br\/index.php\/wp-json\/wp\/v2\/types\/post"}],"author":[{"embeddable":true,"href":"https:\/\/jornaldeitaipava.com.br\/index.php\/wp-json\/wp\/v2\/users\/1"}],"replies":[{"embeddable":true,"href":"https:\/\/jornaldeitaipava.com.br\/index.php\/wp-json\/wp\/v2\/comments?post=39607"}],"version-history":[{"count":1,"href":"https:\/\/jornaldeitaipava.com.br\/index.php\/wp-json\/wp\/v2\/posts\/39607\/revisions"}],"predecessor-version":[{"id":39608,"href":"https:\/\/jornaldeitaipava.com.br\/index.php\/wp-json\/wp\/v2\/posts\/39607\/revisions\/39608"}],"wp:featuredmedia":[{"embeddable":true,"href":"https:\/\/jornaldeitaipava.com.br\/index.php\/wp-json\/wp\/v2\/media\/37608"}],"wp:attachment":[{"href":"https:\/\/jornaldeitaipava.com.br\/index.php\/wp-json\/wp\/v2\/media?parent=39607"}],"wp:term":[{"taxonomy":"category","embeddable":true,"href":"https:\/\/jornaldeitaipava.com.br\/index.php\/wp-json\/wp\/v2\/categories?post=39607"},{"taxonomy":"post_tag","embeddable":true,"href":"https:\/\/jornaldeitaipava.com.br\/index.php\/wp-json\/wp\/v2\/tags?post=39607"}],"curies":[{"name":"wp","href":"https:\/\/api.w.org\/{rel}","templated":true}]}}