{"id":39615,"date":"2024-05-06T11:39:04","date_gmt":"2024-05-06T14:39:04","guid":{"rendered":"http:\/\/jornaldeitaipava.com.br\/?p=39615"},"modified":"2024-05-06T11:39:06","modified_gmt":"2024-05-06T14:39:06","slug":"forca-tarefa-do-corpo-de-bombeiros-militar-do-estado-do-rio-de-janeiro-chega-para-apoio-ao-rio-grande-do-sul","status":"publish","type":"post","link":"https:\/\/jornaldeitaipava.com.br\/index.php\/2024\/05\/06\/forca-tarefa-do-corpo-de-bombeiros-militar-do-estado-do-rio-de-janeiro-chega-para-apoio-ao-rio-grande-do-sul\/","title":{"rendered":"For\u00e7a-tarefa do Corpo de Bombeiros Militar do Estado do Rio de Janeiro chega para apoio ao Rio Grande do Sul"},"content":{"rendered":"\n<p class=\"has-text-align-center\"><strong>Governo do Rio envia equipes para auxiliar nas a\u00e7\u00f5es de resgate em per\u00edodo de chuvas na Regi\u00e3o Sul do pa\u00eds<\/strong><\/p>\n\n\n\n<p>Uma primeira equipe de pronta resposta com nove agentes do Corpo de Bombeiros Militar do Estado do Rio de Janeiro (CBMERJ) chegou, na madrugada desta sexta-feira (03\/05), ao Rio Grande do Sul para auxiliar nas a\u00e7\u00f5es de busca e resgate por v\u00edtimas das chuvas que atingem a regi\u00e3o Sul do pa\u00eds. Os militares viajaram a bordo do helic\u00f3ptero AW169, bimotor da corpora\u00e7\u00e3o, capaz de operar por instrumentos, inclusive no per\u00edodo noturno, e que ser\u00e1 empenhado nas opera\u00e7\u00f5es de salvamentos nas regi\u00f5es afetadas.<br>A for\u00e7a-tarefa do Rio de Janeiro contar\u00e1 com outros 40 bombeiros militares, que seguem nesta manh\u00e3 para o Rio Grande do Sul. A delega\u00e7\u00e3o inclui especialistas em salvamento em desastres, atua\u00e7\u00e3o em estruturas colapsadas e resgate de v\u00edtimas que est\u00e3o ilhadas em cen\u00e1rios de alagamento e inunda\u00e7\u00e3o.<br>O apoio \u00e0 opera\u00e7\u00e3o foi oferecido pelo governador Cl\u00e1udio Castro ao governador do Rio Grande Sul, Eduardo Leite, que aceitou a ajuda log\u00edstica e a expertise da corpora\u00e7\u00e3o fluminense.<br>&#8220;Estamos prontos para colaborar com o que for necess\u00e1rio para amenizar a situa\u00e7\u00e3o dif\u00edcil pela qual passam os ga\u00fachos. Acreditamos que a experi\u00eancia adquirida dos nossos bombeiros e agentes em grandes eventos de desastres como as trag\u00e9dias do rompimento da barragem mineira de Brumadinho em 2019; Bahia em 2021; e de Petr\u00f3polis em 2022, podem fazer a diferen\u00e7a. Quero expressar minha solidariedade ao povo do Rio Grande do Sul&#8221;, ressaltou o governador.<br>Para o secret\u00e1rio de Estado de Defesa Civil e comandante-geral do CBMERJ, coronel Leandro Monteiro, a ajuda neste momento em que as pessoas precisam de socorro imediato \u00e9 fundamental.<br>&#8220;Nossos bombeiros, equipamentos e materiais enviados v\u00e3o ajudar a intensificar os trabalhos nas regi\u00f5es atingidas pelos temporais. Primeiro vem o socorro e, depois, as a\u00e7\u00f5es para a volta \u00e0 normalidade o mais breve poss\u00edvel&#8221;, afirmou o comandante.<\/p>\n","protected":false},"excerpt":{"rendered":"<p>Governo do Rio envia equipes para auxiliar nas a\u00e7\u00f5es de resgate em per\u00edodo de chuvas<\/p>\n","protected":false},"author":1,"featured_media":39616,"comment_status":"closed","ping_status":"open","sticky":false,"template":"","format":"standard","meta":{"spay_email":"","footnotes":"","jetpack_publicize_message":""},"categories":[2],"tags":[],"jetpack_featured_media_url":"https:\/\/i2.wp.com\/jornaldeitaipava.com.br\/wp-content\/uploads\/2024\/05\/bombeiros-rj-scaled.jpeg?fit=2560%2C1441&ssl=1","jetpack_publicize_connections":[],"jetpack_sharing_enabled":true,"jetpack_likes_enabled":true,"jetpack-related-posts":[],"_links":{"self":[{"href":"https:\/\/jornaldeitaipava.com.br\/index.php\/wp-json\/wp\/v2\/posts\/39615"}],"collection":[{"href":"https:\/\/jornaldeitaipava.com.br\/index.php\/wp-json\/wp\/v2\/posts"}],"about":[{"href":"https:\/\/jornaldeitaipava.com.br\/index.php\/wp-json\/wp\/v2\/types\/post"}],"author":[{"embeddable":true,"href":"https:\/\/jornaldeitaipava.com.br\/index.php\/wp-json\/wp\/v2\/users\/1"}],"replies":[{"embeddable":true,"href":"https:\/\/jornaldeitaipava.com.br\/index.php\/wp-json\/wp\/v2\/comments?post=39615"}],"version-history":[{"count":1,"href":"https:\/\/jornaldeitaipava.com.br\/index.php\/wp-json\/wp\/v2\/posts\/39615\/revisions"}],"predecessor-version":[{"id":39617,"href":"https:\/\/jornaldeitaipava.com.br\/index.php\/wp-json\/wp\/v2\/posts\/39615\/revisions\/39617"}],"wp:featuredmedia":[{"embeddable":true,"href":"https:\/\/jornaldeitaipava.com.br\/index.php\/wp-json\/wp\/v2\/media\/39616"}],"wp:attachment":[{"href":"https:\/\/jornaldeitaipava.com.br\/index.php\/wp-json\/wp\/v2\/media?parent=39615"}],"wp:term":[{"taxonomy":"category","embeddable":true,"href":"https:\/\/jornaldeitaipava.com.br\/index.php\/wp-json\/wp\/v2\/categories?post=39615"},{"taxonomy":"post_tag","embeddable":true,"href":"https:\/\/jornaldeitaipava.com.br\/index.php\/wp-json\/wp\/v2\/tags?post=39615"}],"curies":[{"name":"wp","href":"https:\/\/api.w.org\/{rel}","templated":true}]}}