{"id":39618,"date":"2024-05-06T11:52:07","date_gmt":"2024-05-06T14:52:07","guid":{"rendered":"http:\/\/jornaldeitaipava.com.br\/?p=39618"},"modified":"2024-05-06T11:52:09","modified_gmt":"2024-05-06T14:52:09","slug":"tres-rios-obras-da-rodoviaria-velha-avancam","status":"publish","type":"post","link":"https:\/\/jornaldeitaipava.com.br\/index.php\/2024\/05\/06\/tres-rios-obras-da-rodoviaria-velha-avancam\/","title":{"rendered":"Tr\u00eas Rios: obras da Rodovi\u00e1ria Velha avan\u00e7am"},"content":{"rendered":"\n<p class=\"has-text-align-center\">O local ser\u00e1 transformado na nova sede da Secretaria Municipal de Educa\u00e7\u00e3o e abrigar\u00e1 o novo Centro de Conven\u00e7\u00f5es de Tr\u00eas Rios<\/p>\n\n\n\n<p>Por meio da Secretaria Municipal de Obras, Infraestrutura e Habita\u00e7\u00e3o, a Prefeitura de Tr\u00eas Rios est\u00e1 reformando por completo a Rodovi\u00e1ria Roberto Silveira, popularmente conhecida como Rodovi\u00e1ria Velha, localizada no Centro de Tr\u00eas Rios. Com ritmo acelerado e refor\u00e7o no contingente de trabalho, as obras registram avan\u00e7os di\u00e1rios.<br>A reestrutura\u00e7\u00e3o da antiga Rodovi\u00e1ria Velha visa preparar o local para m\u00faltiplas fun\u00e7\u00f5es, visto que o espa\u00e7o ser\u00e1 transformado na nova sede da Secretaria Municipal de Educa\u00e7\u00e3o, Ci\u00eancia e Tecnologia, voltar\u00e1 a abrigar os comerciantes que ali estavam antes do in\u00edcio da primeira interven\u00e7\u00e3o \u2013 realizada em 2014 \u2013, e sediar\u00e1 o novo Centro Municipal de Conven\u00e7\u00f5es.<br>Atualmente, o trabalho no local est\u00e1 dividido em duas frentes: uma focada na reforma e readequa\u00e7\u00e3o do pr\u00e9dio antigo e outra empenhada na montagem da estrutura met\u00e1lica do pr\u00e9dio novo, onde ser\u00e1 constru\u00eddo o Centro de Conven\u00e7\u00f5es. Na edifica\u00e7\u00e3o j\u00e1 existente, a laje do terceiro pavimento foi demolida e a parte estrutural foi refor\u00e7ada. O embo\u00e7o da fachada e das laterais externas do pr\u00e9dio j\u00e1 foi conclu\u00eddo, enquanto o da parte interna est\u00e1 em finaliza\u00e7\u00e3o, assim como a funda\u00e7\u00e3o para a constru\u00e7\u00e3o dos quiosques para o com\u00e9rcio popular.<br>J\u00e1 onde est\u00e1 sendo constru\u00eddo o novo edif\u00edcio, est\u00e3o sendo instalados os perfis met\u00e1licos que comp\u00f5em a parte estrutural da constru\u00e7\u00e3o, usados em substitui\u00e7\u00e3o das vigas e dos pilares de sustenta\u00e7\u00e3o convencionais. Os pr\u00f3ximos passos s\u00e3o a cria\u00e7\u00e3o da infraestrutura el\u00e9trica e hidrossanit\u00e1ria, o levantamento da parte de alvenaria dos quiosques e a montagem da torre t\u00e9cnica para o reservat\u00f3rio superior de \u00e1gua e a condensadora de ar condicionado.<br>Para o secret\u00e1rio de Obras, o arquiteto e urbanista Ricardo Monteiro, o andamento da reforma representa o compromisso da atual gest\u00e3o com o desenvolvimento de Tr\u00eas Rios. \u201cEste \u00e9 um desafio antigo, uma obra que estava paralisada h\u00e1 uma d\u00e9cada e que, finalmente, ser\u00e1 conclu\u00edda e entregue para nossa popula\u00e7\u00e3o da melhor forma, dando serventia e um novo significado para um pr\u00e9dio p\u00fablico historicamente t\u00e3o importante para nossa cidade\u201d, disse o gestor.<\/p>\n","protected":false},"excerpt":{"rendered":"<p>O local ser\u00e1 transformado na nova sede da Secretaria Municipal de Educa\u00e7\u00e3o e abrigar\u00e1 o<\/p>\n","protected":false},"author":1,"featured_media":39619,"comment_status":"closed","ping_status":"open","sticky":false,"template":"","format":"standard","meta":{"spay_email":"","footnotes":"","jetpack_publicize_message":""},"categories":[5],"tags":[],"jetpack_featured_media_url":"https:\/\/i2.wp.com\/jornaldeitaipava.com.br\/wp-content\/uploads\/2024\/05\/tres-rios.jpg?fit=1024%2C576&ssl=1","jetpack_publicize_connections":[],"jetpack_sharing_enabled":true,"jetpack_likes_enabled":true,"jetpack-related-posts":[],"_links":{"self":[{"href":"https:\/\/jornaldeitaipava.com.br\/index.php\/wp-json\/wp\/v2\/posts\/39618"}],"collection":[{"href":"https:\/\/jornaldeitaipava.com.br\/index.php\/wp-json\/wp\/v2\/posts"}],"about":[{"href":"https:\/\/jornaldeitaipava.com.br\/index.php\/wp-json\/wp\/v2\/types\/post"}],"author":[{"embeddable":true,"href":"https:\/\/jornaldeitaipava.com.br\/index.php\/wp-json\/wp\/v2\/users\/1"}],"replies":[{"embeddable":true,"href":"https:\/\/jornaldeitaipava.com.br\/index.php\/wp-json\/wp\/v2\/comments?post=39618"}],"version-history":[{"count":1,"href":"https:\/\/jornaldeitaipava.com.br\/index.php\/wp-json\/wp\/v2\/posts\/39618\/revisions"}],"predecessor-version":[{"id":39620,"href":"https:\/\/jornaldeitaipava.com.br\/index.php\/wp-json\/wp\/v2\/posts\/39618\/revisions\/39620"}],"wp:featuredmedia":[{"embeddable":true,"href":"https:\/\/jornaldeitaipava.com.br\/index.php\/wp-json\/wp\/v2\/media\/39619"}],"wp:attachment":[{"href":"https:\/\/jornaldeitaipava.com.br\/index.php\/wp-json\/wp\/v2\/media?parent=39618"}],"wp:term":[{"taxonomy":"category","embeddable":true,"href":"https:\/\/jornaldeitaipava.com.br\/index.php\/wp-json\/wp\/v2\/categories?post=39618"},{"taxonomy":"post_tag","embeddable":true,"href":"https:\/\/jornaldeitaipava.com.br\/index.php\/wp-json\/wp\/v2\/tags?post=39618"}],"curies":[{"name":"wp","href":"https:\/\/api.w.org\/{rel}","templated":true}]}}