{"id":39695,"date":"2024-05-09T09:36:52","date_gmt":"2024-05-09T12:36:52","guid":{"rendered":"http:\/\/jornaldeitaipava.com.br\/?p=39695"},"modified":"2024-05-09T09:36:58","modified_gmt":"2024-05-09T12:36:58","slug":"camara-municipal-ira-promulgar-lei-que-cria-o-banco-de-racao-municipal","status":"publish","type":"post","link":"https:\/\/jornaldeitaipava.com.br\/index.php\/2024\/05\/09\/camara-municipal-ira-promulgar-lei-que-cria-o-banco-de-racao-municipal\/","title":{"rendered":"C\u00e2mara Municipal ir\u00e1 promulgar Lei que cria o Banco de Ra\u00e7\u00e3o Municipal"},"content":{"rendered":"\n<p>Na \u00faltima ter\u00e7a-feira (07), a C\u00e2mara Municipal derrubou o veto do Prefeito Rubens Bomtempo e ir\u00e1 promulgar a Lei que prop\u00f5e a cria\u00e7\u00e3o do Programa Banco de Ra\u00e7\u00e3o Municipal, a fim de captar doa\u00e7\u00f5es de ra\u00e7\u00f5es e promover sua distribui\u00e7\u00e3o em Petr\u00f3polis. A proposta \u00e9 de autoria do vereador Domingos Protetor.<br>\u201cInfelizmente, o Prefeito n\u00e3o est\u00e1 pensando no bem-estar dos animais e vetou esse projeto de lei que \u00e9 de suma import\u00e2ncia para a causa animal. Mas n\u00f3s, vereadores, derrubamos este veto e teremos, sim, uma Lei que prioriza o fornecimento de alimenta\u00e7\u00e3o para os pets, a fim de melhorar e manter a qualidade de vida destes animais\u201d, defende Domingos Protetor.<br>De acordo com o projeto, o banco de ra\u00e7\u00e3o ir\u00e1 coletar, acondicionar e armazenar g\u00eaneros aliment\u00edcios, perec\u00edveis ou n\u00e3o, desde que em condi\u00e7\u00f5es de consumo, provenientes de doa\u00e7\u00f5es de estabelecimentos comerciais, de apreens\u00f5es realizadas pelo \u00f3rg\u00e3o fiscalizador ou de pessoas f\u00edsicas ou jur\u00eddicas.<br>A ra\u00e7\u00e3o ser\u00e1 doada, preferencialmente, aos protetores de animais independentes, ONGs cadastradas junto \u00e0 Secretaria Municipal de Sa\u00fade, fam\u00edlias em estado de vulnerabilidade alimentar e nutricional que possuem animais, assistidas ou n\u00e3o por entidades assistenciais, pessoas portadoras de transtorno de acumula\u00e7\u00e3o de animais, de acordo com a avalia\u00e7\u00e3o t\u00e9cnica da equipe da Coordenadoria de Bem-Estar Animal (Cobea) quanto \u00e0 necessidade de recebimento de ra\u00e7\u00e3o, de modo a contribuir diretamente para a sa\u00fade animal. Os alimentos doados e coletados pelo Programa Banco de Ra\u00e7\u00e3o Municipal n\u00e3o ser\u00e3o destinados \u00e0 comercializa\u00e7\u00e3o.<br>\u201cDevido ao grande n\u00famero de animais abandonados e famintos nas ruas e espa\u00e7os p\u00fablicos, as ONGs e protetores independentes t\u00eam um gasto exorbitante, uma vez que s\u00e3o respons\u00e1veis pela maioria dos resgates dos animais abandonados, pois os \u00f3rg\u00e3os p\u00fablicos existentes n\u00e3o d\u00e3o conta da alta demanda da nossa cidade. Com o advento desta lei, os custos daqueles que desempenham e prestam um relevante servi\u00e7o social e ambiental perante a sociedade ser\u00e3o amenizados. Por outro lado, as fam\u00edlias que vivem em situa\u00e7\u00e3o de hipossufici\u00eancia econ\u00f4mica e que criam animais dom\u00e9sticos, tamb\u00e9m necessitam de aux\u00edlio, de modo a manter a boa sa\u00fade destes. Al\u00e9m disso, o cuidado com a sa\u00fade dos animais \u00e9 uma forma de proteger a popula\u00e7\u00e3o contra as enfermidades coletivas, estando, assim, em harmonia com o conceito de Sa\u00fade P\u00fablica\u201d, justifica o vereador.<\/p>\n","protected":false},"excerpt":{"rendered":"<p>Na \u00faltima ter\u00e7a-feira (07), a C\u00e2mara Municipal derrubou o veto do Prefeito Rubens Bomtempo e<\/p>\n","protected":false},"author":1,"featured_media":39696,"comment_status":"closed","ping_status":"open","sticky":false,"template":"","format":"standard","meta":{"spay_email":"","footnotes":"","jetpack_publicize_message":""},"categories":[2],"tags":[],"jetpack_featured_media_url":"https:\/\/i0.wp.com\/jornaldeitaipava.com.br\/wp-content\/uploads\/2024\/05\/WhatsApp-Image-2024-05-08-at-14.41.06-1.jpeg?fit=1600%2C1066&ssl=1","jetpack_publicize_connections":[],"jetpack_sharing_enabled":true,"jetpack_likes_enabled":true,"jetpack-related-posts":[],"_links":{"self":[{"href":"https:\/\/jornaldeitaipava.com.br\/index.php\/wp-json\/wp\/v2\/posts\/39695"}],"collection":[{"href":"https:\/\/jornaldeitaipava.com.br\/index.php\/wp-json\/wp\/v2\/posts"}],"about":[{"href":"https:\/\/jornaldeitaipava.com.br\/index.php\/wp-json\/wp\/v2\/types\/post"}],"author":[{"embeddable":true,"href":"https:\/\/jornaldeitaipava.com.br\/index.php\/wp-json\/wp\/v2\/users\/1"}],"replies":[{"embeddable":true,"href":"https:\/\/jornaldeitaipava.com.br\/index.php\/wp-json\/wp\/v2\/comments?post=39695"}],"version-history":[{"count":1,"href":"https:\/\/jornaldeitaipava.com.br\/index.php\/wp-json\/wp\/v2\/posts\/39695\/revisions"}],"predecessor-version":[{"id":39697,"href":"https:\/\/jornaldeitaipava.com.br\/index.php\/wp-json\/wp\/v2\/posts\/39695\/revisions\/39697"}],"wp:featuredmedia":[{"embeddable":true,"href":"https:\/\/jornaldeitaipava.com.br\/index.php\/wp-json\/wp\/v2\/media\/39696"}],"wp:attachment":[{"href":"https:\/\/jornaldeitaipava.com.br\/index.php\/wp-json\/wp\/v2\/media?parent=39695"}],"wp:term":[{"taxonomy":"category","embeddable":true,"href":"https:\/\/jornaldeitaipava.com.br\/index.php\/wp-json\/wp\/v2\/categories?post=39695"},{"taxonomy":"post_tag","embeddable":true,"href":"https:\/\/jornaldeitaipava.com.br\/index.php\/wp-json\/wp\/v2\/tags?post=39695"}],"curies":[{"name":"wp","href":"https:\/\/api.w.org\/{rel}","templated":true}]}}