{"id":39698,"date":"2024-05-09T09:39:51","date_gmt":"2024-05-09T12:39:51","guid":{"rendered":"http:\/\/jornaldeitaipava.com.br\/?p=39698"},"modified":"2024-05-09T09:39:54","modified_gmt":"2024-05-09T12:39:54","slug":"historias-de-cinema-em-petropolis","status":"publish","type":"post","link":"https:\/\/jornaldeitaipava.com.br\/index.php\/2024\/05\/09\/historias-de-cinema-em-petropolis\/","title":{"rendered":"Hist\u00f3rias de Cinema em Petr\u00f3polis"},"content":{"rendered":"\n<p class=\"has-text-align-center\"><strong>Cineclube CSZ debate os filmes Guarany, eu sou o menino do Paradiso e Cinema \u00e9 Drops de Aline Castella, com a presen\u00e7a da diretora e convidados; Com entrada gratuita, exibi\u00e7\u00e3o dos filmes sobre salas de cinema da cidade e origem do Furac\u00e3o 2000 fala do passado glorioso do audiovisual da cidade<\/strong><\/p>\n\n\n\n<p><br>Neste s\u00e1bado, 11\/05, \u00e0s 17h, o p\u00fablico no Cineclube Casa Stefan Zweig ter\u00e1 a oportunidade de conhecer um pouco mais sobre o pioneirismo de Petr\u00f3polis na hist\u00f3ria do cinema Nacional, e lembrar das salas de cinema que n\u00e3o existem mais. Com entrada franca, a exibi\u00e7\u00e3o dos dois document\u00e1rios curtas-metragens Guarany, eu sou o menino do Cinema Paradiso (2019) e Cinema \u00e9 Drops (2021) da cineasta, professora e pesquisadora Aline Castella ter\u00e1 a presen\u00e7a da diretora e da pesquisadora Natalia Stadler, que trabalhou como assistente de pesquisa e still na produ\u00e7\u00e3o. A media\u00e7\u00e3o do encontro \u00e9 do produtor cultural Jo\u00e3o Ferreira.<br>Guarany, eu sou o menino do Cinema Paradiso conta a hist\u00f3ria de Jacy Guarany, pioneiro do r\u00e1dio e do cinema em Petr\u00f3polis, pelas lentes de mem\u00f3ria de seu filho Gilberto. Ainda menino, ele acompanhava o pai nas exibi\u00e7\u00f5es e chegou a operar os equipamentos de proje\u00e7\u00e3o e som. Um conhecimento precocemente adquirido que, no seu entendimento, foi fundamental para o seu desenvolvimento profissional e para a cria\u00e7\u00e3o da equipe de som Furac\u00e3o 2000, importante nome na divulga\u00e7\u00e3o da cultura funk no Brasil, fundada na d\u00e9cada de 1970. A<br>O document\u00e1rio Cinema \u00e9 drops resgata a hist\u00f3ria dos cinemas de rua de Petr\u00f3polis atrav\u00e9s de depoimentos apaixonados de espectadores sobre a hist\u00f3ria do entretenimento em Petr\u00f3polis e o lugar da cidade como efervescente polo cultural.<br>A programa\u00e7\u00e3o do projeto Cineclube Casa Stefan Zweig \u00e9 uma realiza\u00e7\u00e3o do governo Federal, Minist\u00e9rio da Cultura, governo do Estado do Rio de Janeiro, Secretaria de Estado de Cultura e Economia Criativa do Rio de Janeiro e tem o apoio da Prefeitura de Petr\u00f3polis, Petr\u00f3polis Film Commission e Instituto Municipal de Cultura, atrav\u00e9s da Lei Paulo Gustavo.<\/p>\n\n\n\n<p><strong>Convidados<br><\/strong>Aline Castella \u00e9 documentarista, pesquisadora e cineclubista, formada em pintura pela EBA-UFRJ com mestrado em Educa\u00e7\u00e3o, Comunica\u00e7\u00e3o e Cultura pela FEBF-UERJ. \u00c9 diretora, roteirista e pesquisadora. Atuou em outras obras audiovisuais, como produtora, pesquisadora iconogr\u00e1fica, assistente de dire\u00e7\u00e3o e de produ\u00e7\u00e3o. Atrav\u00e9s do projeto Cinema360\u00b0 vem realizando mostras, exposi\u00e7\u00f5es e oficinas nas \u00e1reas de Artes Visuais e Audiovisual desde 2008. \u00c9 vencedora do Pr\u00eamio Maestro Guerra Peixe de Cultura em 2021 na Categoria Audiovisual pelos mais de 10 anos de atividade no setor. Desde 2022, gerencia o Centro de Cultura Raul de Leoni em Petr\u00f3polis.<\/p>\n\n\n\n<p>Natalia Stadler \u00e9 pesquisadora de salas de cinema, mestranda no PPGCINE UFF, membro do GP Modos de Ver &#8211; Estudos das salas de cinema, exibi\u00e7\u00e3o e audi\u00eancias cinematogr\u00e1ficas (ESPM-UFF\/CNPq) e da ABPA &#8211; Associa\u00e7\u00e3o Brasileira de Preserva\u00e7\u00e3o Audiovisual. Em 2023, apresentou pesquisa sobre as salas de cinema de Petr\u00f3polis na HoMER Conference, em Barcelona.<\/p>\n\n\n\n<p><strong>Sobre o projeto<br><\/strong>Desde 2013, o Cineclube Casa Stefan Zweig, exibe filmes inspirados na obra de Stefan Zweig e document\u00e1rios, com sess\u00f5es mensais sempre seguidas de debate com convidados. \u00c9 um espa\u00e7o de trocas e reflex\u00e3o sobre diferentes temas sens\u00edveis \u00e0s comunidades petropolitanas como a cidade, direitos, combate ao racismo e \u00e0 intoler\u00e2ncia, literatura, artes visuais, psican\u00e1lise, m\u00fasica, hist\u00f3ria, sempre com entrada franca.<br>Buscando valorizar a produ\u00e7\u00e3o local e formar plateia de diferentes idades para as sess\u00f5es do nosso cineclube, a programa\u00e7\u00e3o dessa proposta cultural conta com filmes realizados por pessoas que pensam a cidade, sua hist\u00f3ria, e a import\u00e2ncia de alguns de seus personagens.<\/p>\n\n\n\n<p><strong>Servi\u00e7o:<br><\/strong>Cineclube Casa Stefan Zweig\u2013 Cineclube CSZ debate os filmes Guarany, eu sou o menino do cinema paradiso e Cinema \u00e9 Drops de Aline Castella<br>Data: s\u00e1bado, 11\/05<br>Hor\u00e1rio: 17h<br>Local: Casa Stefan Zweig \u2013 Rua Gon\u00e7alves Dias, 34<br>Entrada franca<\/p>\n","protected":false},"excerpt":{"rendered":"<p>Cineclube CSZ debate os filmes Guarany, eu sou o menino do Paradiso e Cinema \u00e9<\/p>\n","protected":false},"author":1,"featured_media":33608,"comment_status":"closed","ping_status":"open","sticky":false,"template":"","format":"standard","meta":{"spay_email":"","footnotes":"","jetpack_publicize_message":""},"categories":[1],"tags":[],"jetpack_featured_media_url":"https:\/\/i1.wp.com\/jornaldeitaipava.com.br\/wp-content\/uploads\/2023\/03\/STEFAN-ZWEIG.jpg?fit=1200%2C803&ssl=1","jetpack_publicize_connections":[],"jetpack_sharing_enabled":true,"jetpack_likes_enabled":true,"jetpack-related-posts":[],"_links":{"self":[{"href":"https:\/\/jornaldeitaipava.com.br\/index.php\/wp-json\/wp\/v2\/posts\/39698"}],"collection":[{"href":"https:\/\/jornaldeitaipava.com.br\/index.php\/wp-json\/wp\/v2\/posts"}],"about":[{"href":"https:\/\/jornaldeitaipava.com.br\/index.php\/wp-json\/wp\/v2\/types\/post"}],"author":[{"embeddable":true,"href":"https:\/\/jornaldeitaipava.com.br\/index.php\/wp-json\/wp\/v2\/users\/1"}],"replies":[{"embeddable":true,"href":"https:\/\/jornaldeitaipava.com.br\/index.php\/wp-json\/wp\/v2\/comments?post=39698"}],"version-history":[{"count":1,"href":"https:\/\/jornaldeitaipava.com.br\/index.php\/wp-json\/wp\/v2\/posts\/39698\/revisions"}],"predecessor-version":[{"id":39699,"href":"https:\/\/jornaldeitaipava.com.br\/index.php\/wp-json\/wp\/v2\/posts\/39698\/revisions\/39699"}],"wp:featuredmedia":[{"embeddable":true,"href":"https:\/\/jornaldeitaipava.com.br\/index.php\/wp-json\/wp\/v2\/media\/33608"}],"wp:attachment":[{"href":"https:\/\/jornaldeitaipava.com.br\/index.php\/wp-json\/wp\/v2\/media?parent=39698"}],"wp:term":[{"taxonomy":"category","embeddable":true,"href":"https:\/\/jornaldeitaipava.com.br\/index.php\/wp-json\/wp\/v2\/categories?post=39698"},{"taxonomy":"post_tag","embeddable":true,"href":"https:\/\/jornaldeitaipava.com.br\/index.php\/wp-json\/wp\/v2\/tags?post=39698"}],"curies":[{"name":"wp","href":"https:\/\/api.w.org\/{rel}","templated":true}]}}