{"id":39782,"date":"2024-05-14T09:06:15","date_gmt":"2024-05-14T12:06:15","guid":{"rendered":"http:\/\/jornaldeitaipava.com.br\/?p=39782"},"modified":"2024-05-14T09:06:20","modified_gmt":"2024-05-14T12:06:20","slug":"cdl-petropolis-abre-forum-permanente-de-discussao-para-crescimento-do-comercio-e-turismo","status":"publish","type":"post","link":"https:\/\/jornaldeitaipava.com.br\/index.php\/2024\/05\/14\/cdl-petropolis-abre-forum-permanente-de-discussao-para-crescimento-do-comercio-e-turismo\/","title":{"rendered":"CDL Petr\u00f3polis abre f\u00f3rum permanente de discuss\u00e3o para crescimento do com\u00e9rcio e turismo"},"content":{"rendered":"\n<p class=\"has-text-align-center\"><strong>Gargalos nestes setores s\u00e3o debatidos em reuni\u00e3o com empres\u00e1rios e entidades<\/strong><\/p>\n\n\n\n<p>Empres\u00e1rios e entidades ligadas ao com\u00e9rcio e turismo de Petr\u00f3polis se reuniram nesta segunda-feira (13) pela manh\u00e3 para discutir os desafios enfrentados por esses setores vitais da economia local. O encontro teve como objetivo principal debater a sinergia entre os setores e identificar os principais gargalos que impedem o crescimento sustent\u00e1vel do turismo e, consequentemente, do com\u00e9rcio na cidade. O encontro, realizado no audit\u00f3rio da C\u00e2mara de Dirigentes Lojistas de Petr\u00f3polis, abre uma s\u00e9rie de debates, se transformando em um f\u00f3rum permanente de discuss\u00e3o para os setores. Uma das propostas j\u00e1 levantadas \u00e9 diagnosticar os entraves, elaborar os planos para reverter o cen\u00e1rio e estabelecer uma metodologia e cronograma de trabalho usando a expertise do Sebrae-RJ.<br>O com\u00e9rcio, de acordo com o presidente da CDL Petr\u00f3polis, Cl\u00e1udio Mohammad, elege a necessidade de mais eventos de grande porte como Bauernfest e Natal Imperial. \u201cV\u00e1rios empres\u00e1rios apontam como salutar para os neg\u00f3cios eventos de porte e qualidade como esses. \u00c9 preciso que eles sejam valorizados com organiza\u00e7\u00e3o e divulga\u00e7\u00e3o e que novos aconte\u00e7am em propor\u00e7\u00f5es semelhantes. Este \u00e9 um dos pontos j\u00e1 levantado como priorit\u00e1rio\u201d, aponta.<br>Especialista em turismo, Gisele Goulart, que organizou o encontro, prega maior profissionaliza\u00e7\u00e3o do setor, ordenamento e divulga\u00e7\u00e3o com anteced\u00eancia como fazem os principais destinos do pa\u00eds e do mundo. \u201cPetr\u00f3polis \u00e9 uma marca forte, consolidada, mas que precisa ser mais divulgada e ter sempre novidades, eventos e novas op\u00e7\u00f5es de lazer. N\u00e3o \u00e9 um segmento \u2018fechado\u2019, inerte. Ele \u00e9 vivo, com tend\u00eancias e que requer atitudes e a\u00e7\u00f5es diferenciadas\u201d, define.<br>Cl\u00e1udia Pacheco, coordenadora regional Sebrae Serrana II, pontuou sobre o modelo tur\u00edstico de Petr\u00f3polis necessitar acompanhar as mudan\u00e7as do segmento e realizar a modelagem do que a cidade almeja, \u2018com defini\u00e7\u00e3o do p\u00fablico que pretende atrair e como quer chegar a esse patamar compartilhado por todos\u201d.<br>Para Paulo Lyrio, arquiteto atuante no segmento das artes e entusiasta da Bauernfest, est\u00e1 claro que o turismo na cidade, impulsionado por a\u00e7\u00f5es preservacionista do bem imobili\u00e1rio a partir da d\u00e9cada de 1980, precisa agora entrar em uma nova fase. \u201cA cidade precisa de um projeto maior e mais profissionaliza\u00e7\u00e3o do setor. O turismo vem acontecendo por for\u00e7a das entidades e empres\u00e1rios e necessita um olhar mais acentuado do poder p\u00fablico\u201d, afirma.<br>A falta de continuidade na qualidade dos eventos j\u00e1 existentes no calend\u00e1rio faz a diferen\u00e7a, na vis\u00e3o do presidente do Petr\u00f3polis Convention. \u201cUm ano faz bem, outro ano faz mal, depois volta a fazer bem e assim seguem Bauernfest e Natal Imperial. Essa inconst\u00e2ncia atinge diretamente com\u00e9rcio e turismo\u201d, pontua Samir el Ghaoui. Com ele concorda Marcelo Oliveira, guia tur\u00edstico. \u201cSentimos na pele, nas ruas, quando o evento n\u00e3o \u00e9 bem articulado e divulgado. Fica not\u00f3rio pela quantidade de visitantes e o retorno que recebemos deles\u201d, aponta.<br>Entre outros pontos destacados durante a reuni\u00e3o, os representantes das entidades ressaltaram a infraestrutura deficiente, a falta de investimentos em promo\u00e7\u00e3o tur\u00edstica, a burocracia excessiva e a sazonalidade como os principais obst\u00e1culos enfrentados pelo setor de turismo em Petr\u00f3polis. A infraestrutura tur\u00edstica, incluindo transporte, sinaliza\u00e7\u00e3o e acessibilidade, foi apontada como uma \u00e1rea cr\u00edtica que requer aten\u00e7\u00e3o urgente por parte das autoridades locais e \u00f3rg\u00e3os respons\u00e1veis.<br>Al\u00e9m disso, a falta de uma estrat\u00e9gia de marketing eficaz e a aus\u00eancia de eventos e atra\u00e7\u00f5es durante determinadas \u00e9pocas do ano foram citadas como causas significativas da sazonalidade no turismo da cidade. Os participantes enfatizaram a necessidade de uma abordagem mais integrada e coordenada entre o setor p\u00fablico e privado para desenvolver e promover a cidade como um destino tur\u00edstico ao longo do ano.<br>\u201cEssa participa\u00e7\u00e3o precisa existir de forma mais presente por parte do setor empresarial\u201d, aponta Cl\u00e1udio Mohammad, que defende uma pasta espec\u00edfica para o setor de eventos na cidade. \u201cAl\u00e9m das atra\u00e7\u00f5es p\u00fablicas conduzidas pela prefeitura temos uma s\u00e9rie de eventos particulares, de investimentos de empreendedores que apostam em Petr\u00f3polis, projetos que precisamos acolher e ajudar a prosperar. Abrimos hoje a ideia de um f\u00f3rum permanente e terremos encontros peri\u00f3dicos para tra\u00e7ar estrat\u00e9gias para cada uma das pautas\u201d, completa.<\/p>\n","protected":false},"excerpt":{"rendered":"<p>Gargalos nestes setores s\u00e3o debatidos em reuni\u00e3o com empres\u00e1rios e entidades Empres\u00e1rios e entidades ligadas<\/p>\n","protected":false},"author":1,"featured_media":39783,"comment_status":"closed","ping_status":"open","sticky":false,"template":"","format":"standard","meta":{"spay_email":"","footnotes":"","jetpack_publicize_message":""},"categories":[2],"tags":[],"jetpack_featured_media_url":"https:\/\/i2.wp.com\/jornaldeitaipava.com.br\/wp-content\/uploads\/2024\/05\/Forum-comercio-e-turismo-4.jpeg?fit=1280%2C960&ssl=1","jetpack_publicize_connections":[],"jetpack_sharing_enabled":true,"jetpack_likes_enabled":true,"jetpack-related-posts":[],"_links":{"self":[{"href":"https:\/\/jornaldeitaipava.com.br\/index.php\/wp-json\/wp\/v2\/posts\/39782"}],"collection":[{"href":"https:\/\/jornaldeitaipava.com.br\/index.php\/wp-json\/wp\/v2\/posts"}],"about":[{"href":"https:\/\/jornaldeitaipava.com.br\/index.php\/wp-json\/wp\/v2\/types\/post"}],"author":[{"embeddable":true,"href":"https:\/\/jornaldeitaipava.com.br\/index.php\/wp-json\/wp\/v2\/users\/1"}],"replies":[{"embeddable":true,"href":"https:\/\/jornaldeitaipava.com.br\/index.php\/wp-json\/wp\/v2\/comments?post=39782"}],"version-history":[{"count":1,"href":"https:\/\/jornaldeitaipava.com.br\/index.php\/wp-json\/wp\/v2\/posts\/39782\/revisions"}],"predecessor-version":[{"id":39784,"href":"https:\/\/jornaldeitaipava.com.br\/index.php\/wp-json\/wp\/v2\/posts\/39782\/revisions\/39784"}],"wp:featuredmedia":[{"embeddable":true,"href":"https:\/\/jornaldeitaipava.com.br\/index.php\/wp-json\/wp\/v2\/media\/39783"}],"wp:attachment":[{"href":"https:\/\/jornaldeitaipava.com.br\/index.php\/wp-json\/wp\/v2\/media?parent=39782"}],"wp:term":[{"taxonomy":"category","embeddable":true,"href":"https:\/\/jornaldeitaipava.com.br\/index.php\/wp-json\/wp\/v2\/categories?post=39782"},{"taxonomy":"post_tag","embeddable":true,"href":"https:\/\/jornaldeitaipava.com.br\/index.php\/wp-json\/wp\/v2\/tags?post=39782"}],"curies":[{"name":"wp","href":"https:\/\/api.w.org\/{rel}","templated":true}]}}