{"id":39785,"date":"2024-05-14T09:50:41","date_gmt":"2024-05-14T12:50:41","guid":{"rendered":"http:\/\/jornaldeitaipava.com.br\/?p=39785"},"modified":"2024-05-14T09:50:44","modified_gmt":"2024-05-14T12:50:44","slug":"alem-das-ruas-documentario-da-voz-aos-invisiveis-de-petropolis","status":"publish","type":"post","link":"https:\/\/jornaldeitaipava.com.br\/index.php\/2024\/05\/14\/alem-das-ruas-documentario-da-voz-aos-invisiveis-de-petropolis\/","title":{"rendered":"Al\u00e9m das ruas: document\u00e1rio d\u00e1 voz aos \u2018invis\u00edveis\u2019 de Petr\u00f3polis"},"content":{"rendered":"\n<p>Em um cen\u00e1rio que mistura o esplendor hist\u00f3rico da Cidade Imperial com a dura realidade contempor\u00e2nea dos moradores de rua, tem in\u00edcio as filmagens de &#8220;Cidade Esquecida \u2013 um document\u00e1rio sobre os moradores de rua de Petr\u00f3polis&#8221;.<br>Com roteiro e dire\u00e7\u00e3o de Rodolfo Medeiros e produ\u00e7\u00e3o de Marise Sim\u00f5es, este projeto promete envolver um amplo p\u00fablico ao revelar hist\u00f3rias comoventes que se cruzam e mensagens profundas de cidad\u00e3os que se sentem invis\u00edveis perante a sociedade.<br>Sob marquises, em cal\u00e7adas e pra\u00e7as, encontramos diariamente pessoas lutando pela sobreviv\u00eancia. Algumas temporariamente adotam as ruas como morada e outras escolhem essa vida, mesmo diante de alternativas dispon\u00edveis. Essa decis\u00e3o muitas vezes reflete um anseio por liberdade, uma busca por uma exist\u00eancia sem amarras, onde possam ser quem desejam sem enfrentar julgamentos.<br>Para a composi\u00e7\u00e3o deste trabalho minucioso, uma equipe de pesquisadores percorre semanalmente as ruas do centro hist\u00f3rico para desvendar a trajet\u00f3ria destes moradores cujas narrativas abordam temas essenciais como igualdade social, moradia, emprego, fome, conflitos familiares, uso de drogas e viol\u00eancia.<br>Filmado exclusivamente ap\u00f3s as 22h, quando as pra\u00e7as e avenidas de Petr\u00f3polis ganham uma nova vida com a presen\u00e7a marcante dos moradores de rua, o document\u00e1rio pretende mostrar uma realidade frequentemente ignorada pela sociedade.<br>&#8220;\u00c0 medida que nos aventuramos pelas ruas de Petr\u00f3polis para capturar as hist\u00f3rias dos moradores de rua, fica claro para n\u00f3s que este document\u00e1rio n\u00e3o se trata apenas de mostrar a realidade das pessoas que habitam as cal\u00e7adas e pra\u00e7as de nossa cidade. \u00c9 sobre provocar uma reflex\u00e3o profunda sobre a sociedade em que vivemos. Queremos que &#8216;Cidade Esquecida&#8217; seja mais do que apenas uma obra cinematogr\u00e1fica; queremos que seja um espelho, refletindo n\u00e3o apenas a beleza e o esplendor hist\u00f3rico de Petr\u00f3polis, mas tamb\u00e9m as sombras que muitas vezes preferimos ignorar\u201d, enfatiza Rodolfo Medeiros.<br>Esta obra cinematogr\u00e1fica convida o espectador a refletir sobre os contrastes entre a grandiosidade hist\u00f3rica e a realidade humana oculta, explorando as complexidades de uma cidade que est\u00e1 constantemente redefinindo sua pr\u00f3pria identidade.<br>O document\u00e1rio tem o lan\u00e7amento previsto para novembro de 2024, com sess\u00e3o de estreia em um cinema de Petr\u00f3polis em datas e hor\u00e1rios espec\u00edficos que ser\u00e3o previamente divulgados pela produ\u00e7\u00e3o, al\u00e9m de exibi\u00e7\u00f5es em locais p\u00fablicos com rodas de conversa sobre o tema.<br>&#8220;Cidade Esquecida \u2013 um document\u00e1rio sobre os moradores de rua de Petr\u00f3polis&#8221; \u00e9 um projeto contemplado no Edital de Produ\u00e7\u00f5es Audiovisuais (Chamada P\u00fablica 02\/2023) realizado pela Prefeitura de Petr\u00f3polis, por meio do Instituto Municipal de Cultura, com recursos do Governo Federal atrav\u00e9s da Lei Paulo Gustavo.<br>Integram a equipe: Pedro Daiuto, Leandra Lima, Mari Manzani, Ester Gastaldo e Mandy na pesquisa; Mari Marinho como still, Hudo Theobald na dire\u00e7\u00e3o de fotografia e Amanda Leontina na assist\u00eancia de produ\u00e7\u00e3o.<br>Os bastidores das grava\u00e7\u00f5es podem ser acompanhados nas redes sociais oficiais do document\u00e1rio: @cidade.esquecida2024 no Instagram e no Twitter.<\/p>\n","protected":false},"excerpt":{"rendered":"<p>Em um cen\u00e1rio que mistura o esplendor hist\u00f3rico da Cidade Imperial com a dura realidade<\/p>\n","protected":false},"author":1,"featured_media":39786,"comment_status":"closed","ping_status":"open","sticky":false,"template":"","format":"standard","meta":{"spay_email":"","footnotes":"","jetpack_publicize_message":""},"categories":[1],"tags":[],"jetpack_featured_media_url":"https:\/\/i2.wp.com\/jornaldeitaipava.com.br\/wp-content\/uploads\/2024\/05\/documentario-cidade-esquecida-petropolis.jpg?fit=1600%2C900&ssl=1","jetpack_publicize_connections":[],"jetpack_sharing_enabled":true,"jetpack_likes_enabled":true,"jetpack-related-posts":[],"_links":{"self":[{"href":"https:\/\/jornaldeitaipava.com.br\/index.php\/wp-json\/wp\/v2\/posts\/39785"}],"collection":[{"href":"https:\/\/jornaldeitaipava.com.br\/index.php\/wp-json\/wp\/v2\/posts"}],"about":[{"href":"https:\/\/jornaldeitaipava.com.br\/index.php\/wp-json\/wp\/v2\/types\/post"}],"author":[{"embeddable":true,"href":"https:\/\/jornaldeitaipava.com.br\/index.php\/wp-json\/wp\/v2\/users\/1"}],"replies":[{"embeddable":true,"href":"https:\/\/jornaldeitaipava.com.br\/index.php\/wp-json\/wp\/v2\/comments?post=39785"}],"version-history":[{"count":1,"href":"https:\/\/jornaldeitaipava.com.br\/index.php\/wp-json\/wp\/v2\/posts\/39785\/revisions"}],"predecessor-version":[{"id":39787,"href":"https:\/\/jornaldeitaipava.com.br\/index.php\/wp-json\/wp\/v2\/posts\/39785\/revisions\/39787"}],"wp:featuredmedia":[{"embeddable":true,"href":"https:\/\/jornaldeitaipava.com.br\/index.php\/wp-json\/wp\/v2\/media\/39786"}],"wp:attachment":[{"href":"https:\/\/jornaldeitaipava.com.br\/index.php\/wp-json\/wp\/v2\/media?parent=39785"}],"wp:term":[{"taxonomy":"category","embeddable":true,"href":"https:\/\/jornaldeitaipava.com.br\/index.php\/wp-json\/wp\/v2\/categories?post=39785"},{"taxonomy":"post_tag","embeddable":true,"href":"https:\/\/jornaldeitaipava.com.br\/index.php\/wp-json\/wp\/v2\/tags?post=39785"}],"curies":[{"name":"wp","href":"https:\/\/api.w.org\/{rel}","templated":true}]}}