{"id":39797,"date":"2024-05-14T13:21:46","date_gmt":"2024-05-14T16:21:46","guid":{"rendered":"http:\/\/jornaldeitaipava.com.br\/?p=39797"},"modified":"2024-05-14T13:21:50","modified_gmt":"2024-05-14T16:21:50","slug":"mprj-ajuiza-acao-para-demolir-construcao-irregular-no-pontal-do-atalaia-em-arraial-do-cabo","status":"publish","type":"post","link":"https:\/\/jornaldeitaipava.com.br\/index.php\/2024\/05\/14\/mprj-ajuiza-acao-para-demolir-construcao-irregular-no-pontal-do-atalaia-em-arraial-do-cabo\/","title":{"rendered":"MPRJ aju\u00edza a\u00e7\u00e3o para demolir constru\u00e7\u00e3o irregular no Pontal do Atalaia, em Arraial do Cabo"},"content":{"rendered":"\n<p>A 1\u00aa Promotoria de Justi\u00e7a de Tutela Coletiva de Cabo Frio ajuizou, na sexta-feira (10\/05), A\u00e7\u00e3o Civil P\u00fablica, com pedido de liminar, contra a empresa CazaDiPraia, o s\u00f3cio administrador, H\u00e9lio Franco da Silva Rios; o Munic\u00edpio de Arraial do Cabo e outras duas pessoas pelas irregularidades constatadas na constru\u00e7\u00e3o de um condom\u00ednio de casas, no Portal do Atalaia.<br>A peti\u00e7\u00e3o inicial aponta que a empresa CazaDiPraia n\u00e3o seguiu o projeto original da obra. A Prefeitura de Arraial do Cabo aprovou a constru\u00e7\u00e3o de 22 casas, mas foram constru\u00eddas 31, excedendo, portanto, em nove unidades a permiss\u00e3o concedida. O empreendimento tamb\u00e9m ultrapassou a \u00e1rea de ocupa\u00e7\u00e3o autorizada. Com isso, houve excesso de desmatamento da regi\u00e3o, sem a comprova\u00e7\u00e3o de reparo ao dano ambiental.<br>O Minist\u00e9rio P\u00fablico do Estado do Rio de Janeiro (MPRJ) requer que os r\u00e9us sejam compelidos a demolir essas nove casas que excederam o projeto original, que os entulhos sejam removidos e que seja apresentado, pelo respons\u00e1vel da obra, \u00e0 Prefeitura, em at\u00e9 60 dias, projeto de recupera\u00e7\u00e3o de toda \u00e1rea degradada.<br>O MPRJ pediu ainda o pagamento de danos morais coletivos, por conta da significativa degrada\u00e7\u00e3o ambiental na regi\u00e3o, que faz parte do bioma da Mata Atl\u00e2ntica. A a\u00e7\u00e3o ressalta que o Pontal do Atalaia \u00e9 destino de turistas de todo o mundo que o procuram pela riqueza e beleza exuberante de sua natureza, tendo inclusive fragmentos inclu\u00eddos no Parque Estadual da Costa do Sol e na Reserva Extrativista Marinha do Arraial do Cabo.<\/p>\n","protected":false},"excerpt":{"rendered":"<p>A 1\u00aa Promotoria de Justi\u00e7a de Tutela Coletiva de Cabo Frio ajuizou, na sexta-feira (10\/05),<\/p>\n","protected":false},"author":1,"featured_media":11880,"comment_status":"closed","ping_status":"open","sticky":false,"template":"","format":"standard","meta":{"spay_email":"","footnotes":"","jetpack_publicize_message":""},"categories":[5],"tags":[],"jetpack_featured_media_url":"https:\/\/i0.wp.com\/jornaldeitaipava.com.br\/wp-content\/uploads\/2021\/03\/ARRAIAL-PORTICO.jpg?fit=676%2C410&ssl=1","jetpack_publicize_connections":[],"jetpack_sharing_enabled":true,"jetpack_likes_enabled":true,"jetpack-related-posts":[],"_links":{"self":[{"href":"https:\/\/jornaldeitaipava.com.br\/index.php\/wp-json\/wp\/v2\/posts\/39797"}],"collection":[{"href":"https:\/\/jornaldeitaipava.com.br\/index.php\/wp-json\/wp\/v2\/posts"}],"about":[{"href":"https:\/\/jornaldeitaipava.com.br\/index.php\/wp-json\/wp\/v2\/types\/post"}],"author":[{"embeddable":true,"href":"https:\/\/jornaldeitaipava.com.br\/index.php\/wp-json\/wp\/v2\/users\/1"}],"replies":[{"embeddable":true,"href":"https:\/\/jornaldeitaipava.com.br\/index.php\/wp-json\/wp\/v2\/comments?post=39797"}],"version-history":[{"count":1,"href":"https:\/\/jornaldeitaipava.com.br\/index.php\/wp-json\/wp\/v2\/posts\/39797\/revisions"}],"predecessor-version":[{"id":39798,"href":"https:\/\/jornaldeitaipava.com.br\/index.php\/wp-json\/wp\/v2\/posts\/39797\/revisions\/39798"}],"wp:featuredmedia":[{"embeddable":true,"href":"https:\/\/jornaldeitaipava.com.br\/index.php\/wp-json\/wp\/v2\/media\/11880"}],"wp:attachment":[{"href":"https:\/\/jornaldeitaipava.com.br\/index.php\/wp-json\/wp\/v2\/media?parent=39797"}],"wp:term":[{"taxonomy":"category","embeddable":true,"href":"https:\/\/jornaldeitaipava.com.br\/index.php\/wp-json\/wp\/v2\/categories?post=39797"},{"taxonomy":"post_tag","embeddable":true,"href":"https:\/\/jornaldeitaipava.com.br\/index.php\/wp-json\/wp\/v2\/tags?post=39797"}],"curies":[{"name":"wp","href":"https:\/\/api.w.org\/{rel}","templated":true}]}}