{"id":39803,"date":"2024-05-15T10:11:23","date_gmt":"2024-05-15T13:11:23","guid":{"rendered":"http:\/\/jornaldeitaipava.com.br\/?p=39803"},"modified":"2024-05-15T10:11:26","modified_gmt":"2024-05-15T13:11:26","slug":"deguste-especial-vira-petropolis-tres-dias-de-programacao-na-praca-da-aguia","status":"publish","type":"post","link":"https:\/\/jornaldeitaipava.com.br\/index.php\/2024\/05\/15\/deguste-especial-vira-petropolis-tres-dias-de-programacao-na-praca-da-aguia\/","title":{"rendered":"Deguste especial \u201cVira Petr\u00f3polis\u201d: tr\u00eas dias de programa\u00e7\u00e3o na Pra\u00e7a da \u00c1guia"},"content":{"rendered":"\n<p>Campanha de solidariedade arrecada doa\u00e7\u00f5es para o Rio Grande do Sul<br>Maio chegou com novidades: Deguste \u201cVira Petr\u00f3polis\u201d promete encantar petropolitanos e turistas com tr\u00eas dias de programa\u00e7\u00e3o especial na Pra\u00e7a da \u00c1guia. M\u00fasica para todos os estilos, culin\u00e1ria diversificada e, claro, as novidades das cervejas artesanais. A Deguste \u201cVira Petr\u00f3polis\u201d ocorre nos dias 17, 18 e 19 de maio.<br>\u201cChegou a hora do \u201cVira Petr\u00f3polis\u201d com refor\u00e7o musical na feira cervejeira mais famosa do Estado. Todos os participantes est\u00e3o empenhados em oferecer o que h\u00e1 de melhor para o nosso p\u00fablico fiel. Aguardamos todos\u201d, afirma Rodrigo Duarte, idealizador da Deguste.<br>O destaque do \u201cVira Petr\u00f3polis\u201d fica por conta da programa\u00e7\u00e3o musical, com tr\u00eas dias e oito bandas, al\u00e9m da participa\u00e7\u00e3o do DJ Marco Rock nos intervalos.<br>\u201cPreparamos essa edi\u00e7\u00e3o com muitas novidades, \u00e1rea kids e as famosas brincadeiras da produ\u00e7\u00e3o. Preparem-se\u201d, convida Gabrielle Rosendo, produtora da Deguste.<\/p>\n\n\n\n<p><strong>Confira a programa\u00e7\u00e3o:<\/strong><\/p>\n\n\n\n<ul>\n<li>Sexta-feira &#8211; 17\/05<br>19h &#8211; Daniel Melo &#8211; Palco Beer Truck<br>20h30 &#8211; Lucas Israel<\/li>\n<\/ul>\n\n\n\n<ul>\n<li>S\u00e1bado &#8211; 18\/05<br>15h &#8211; Serr\u00e1queos<br>18h &#8211; Soul Swing<br>19h &#8211; Guido Martini Trio &#8211; Palco Beer Truck<br>20h30 &#8211; Ultra Hertz<\/li>\n<\/ul>\n\n\n\n<ul>\n<li>Domingo &#8211; 19\/05<br>15h &#8211; Jonantan Francisco<br>18h &#8211; River Raid<\/li>\n<\/ul>\n\n\n\n<ul>\n<li>Nos intervalos: DJ Marco Rock<\/li>\n<\/ul>\n\n\n\n<p><strong>Campanha de Solidariedade<br><\/strong>A Deguste \u201cVira Petr\u00f3polis\u201d tem, neste ano, uma miss\u00e3o ainda mais especial. \u201cVamos aproveitar o sucesso da feira para arrecadar doa\u00e7\u00f5es para o Rio Grande do Sul. Teremos um espa\u00e7o dedicado para recolhimento de produtos que ser\u00e3o enviados para ajudar as fam\u00edlias que tanto precisam da nossa ajuda\u201d, explicou a produtora da Deguste, Gabrielle Rosendo.<br>Vale lembrar que a primeira edi\u00e7\u00e3o da Deguste Vira Petr\u00f3polis ocorreu justamente ap\u00f3s a trag\u00e9dia da chuva em Petr\u00f3polis. \u201cFoi um resgate de for\u00e7as e, pensando neste prop\u00f3sito, n\u00e3o podemos deixar de ajudar\u201d, completa, Gabrielle Rosendo.<br>A Deguste est\u00e1 aumentando a rede de solidariedade na arrecada\u00e7\u00e3o de \u00e1gua e alimentos n\u00e3o perec\u00edveis. Os pr\u00f3ximos passos ser\u00e3o divulgados no Instagram (@feiradeguste).<br>Empresas e institui\u00e7\u00f5es dispostas a ajudar podem entrar em contato com a Deguste (24) 98126-8834 ou por mensagem via Instagram.<\/p>\n\n\n\n<p><strong>Colabora\u00e7\u00e3o do Projeto Maip<br><\/strong>A campanha de arrecada\u00e7\u00e3o da Deguste conta com a parceria do Projeto Maip, uma iniciativa transformadora da Ag\u00eancia Maip, que fortalece sua miss\u00e3o de impactar positivamente comunidades ao redor da cidade de Petr\u00f3polis.<br>\u00c0 frente dessa importante arrecada\u00e7\u00e3o estar\u00e1 a idealizadora do Projeto Maip, Fernanda Marinho. Com sua dedica\u00e7\u00e3o e sua paix\u00e3o pelo servi\u00e7o comunit\u00e1rio, Fernanda liderar\u00e1 o esfor\u00e7o de arrecada\u00e7\u00e3o em um stand especial durante a Feira Deguste.<br>\u201cEm tempos de desafios, \u00e9 ainda mais vital unirmos esfor\u00e7os para auxiliar aqueles que mais necessitam. E \u00e9 exatamente isso que o Projeto Maip e a Feira Deguste est\u00e3o determinados a fazer\u201d, diz.<br>Este \u00e9 um convite para todos que desejam fazer a diferen\u00e7a. Seja doando alimentos n\u00e3o perec\u00edveis ou \u00e1gua pot\u00e1vel, cada gesto de solidariedade faz um impacto significativo na vida daqueles que est\u00e3o enfrentando dificuldades.<\/p>\n\n\n\n<p><strong>Servi\u00e7o:<br><\/strong>Deguste \u201cVira Petr\u00f3polis\u201d<br>Dias 17, 18 e 19 de maio<br>Pra\u00e7a da \u00c1guia<\/p>\n","protected":false},"excerpt":{"rendered":"<p>Campanha de solidariedade arrecada doa\u00e7\u00f5es para o Rio Grande do SulMaio chegou com novidades: Deguste<\/p>\n","protected":false},"author":1,"featured_media":39804,"comment_status":"closed","ping_status":"open","sticky":false,"template":"","format":"standard","meta":{"spay_email":"","footnotes":"","jetpack_publicize_message":""},"categories":[42],"tags":[],"jetpack_featured_media_url":"https:\/\/i1.wp.com\/jornaldeitaipava.com.br\/wp-content\/uploads\/2024\/05\/WhatsApp-Image-2024-04-04-at-10.jpg?fit=800%2C500&ssl=1","jetpack_publicize_connections":[],"jetpack_sharing_enabled":true,"jetpack_likes_enabled":true,"jetpack-related-posts":[],"_links":{"self":[{"href":"https:\/\/jornaldeitaipava.com.br\/index.php\/wp-json\/wp\/v2\/posts\/39803"}],"collection":[{"href":"https:\/\/jornaldeitaipava.com.br\/index.php\/wp-json\/wp\/v2\/posts"}],"about":[{"href":"https:\/\/jornaldeitaipava.com.br\/index.php\/wp-json\/wp\/v2\/types\/post"}],"author":[{"embeddable":true,"href":"https:\/\/jornaldeitaipava.com.br\/index.php\/wp-json\/wp\/v2\/users\/1"}],"replies":[{"embeddable":true,"href":"https:\/\/jornaldeitaipava.com.br\/index.php\/wp-json\/wp\/v2\/comments?post=39803"}],"version-history":[{"count":1,"href":"https:\/\/jornaldeitaipava.com.br\/index.php\/wp-json\/wp\/v2\/posts\/39803\/revisions"}],"predecessor-version":[{"id":39805,"href":"https:\/\/jornaldeitaipava.com.br\/index.php\/wp-json\/wp\/v2\/posts\/39803\/revisions\/39805"}],"wp:featuredmedia":[{"embeddable":true,"href":"https:\/\/jornaldeitaipava.com.br\/index.php\/wp-json\/wp\/v2\/media\/39804"}],"wp:attachment":[{"href":"https:\/\/jornaldeitaipava.com.br\/index.php\/wp-json\/wp\/v2\/media?parent=39803"}],"wp:term":[{"taxonomy":"category","embeddable":true,"href":"https:\/\/jornaldeitaipava.com.br\/index.php\/wp-json\/wp\/v2\/categories?post=39803"},{"taxonomy":"post_tag","embeddable":true,"href":"https:\/\/jornaldeitaipava.com.br\/index.php\/wp-json\/wp\/v2\/tags?post=39803"}],"curies":[{"name":"wp","href":"https:\/\/api.w.org\/{rel}","templated":true}]}}